{"id":629,"date":"2024-11-01T21:21:47","date_gmt":"2024-11-01T21:21:47","guid":{"rendered":"https:\/\/programaareavip.com\/?p=629"},"modified":"2024-11-01T21:22:20","modified_gmt":"2024-11-01T21:22:20","slug":"grupo-pele-morena-20-anos-de-pagode-e-emocao","status":"publish","type":"post","link":"https:\/\/programaareavip.com\/?p=629","title":{"rendered":"Grupo Pele Morena: 20 Anos de Pagode e Emo\u00e7\u00e3o."},"content":{"rendered":"\n<p>Neste ano, o Grupo Pele Morena celebra duas d\u00e9cadas de uma trajet\u00f3ria repleta de m\u00fasica, conquistas e amor pelo pagode. Ao longo desses 20 anos, a banda cresceu profissionalmente, conquistando seu espa\u00e7o na cena musical e conquistando o cora\u00e7\u00e3o de f\u00e3s que os acompanham desde o in\u00edcio. <\/p>\n\n\n\n<p>Cada nota, cada letra, e cada show foram constru\u00eddos com dedica\u00e7\u00e3o e paix\u00e3o, refletindo a ess\u00eancia do grupo.Neste evento especial, a gratid\u00e3o \u00e9 o sentimento que mais prevalece. Pele Morena agradece a todos que fizeram parte dessa jornada, desde os f\u00e3s fi\u00e9is at\u00e9 as equipes que trabalharam nos bastidores. Sem voc\u00eas, nada disso seria poss\u00edvel.<\/p>\n\n\n\n<figure class=\"wp-block-image size-large\"><img loading=\"lazy\" decoding=\"async\" width=\"745\" height=\"1024\" src=\"https:\/\/programaareavip.com\/wp-content\/uploads\/2024\/11\/1000479576-745x1024.jpg\" alt=\"\" class=\"wp-image-630\" srcset=\"https:\/\/programaareavip.com\/wp-content\/uploads\/2024\/11\/1000479576-745x1024.jpg 745w, https:\/\/programaareavip.com\/wp-content\/uploads\/2024\/11\/1000479576-218x300.jpg 218w, https:\/\/programaareavip.com\/wp-content\/uploads\/2024\/11\/1000479576-768x1056.jpg 768w, https:\/\/programaareavip.com\/wp-content\/uploads\/2024\/11\/1000479576-150x206.jpg 150w, https:\/\/programaareavip.com\/wp-content\/uploads\/2024\/11\/1000479576-300x412.jpg 300w, https:\/\/programaareavip.com\/wp-content\/uploads\/2024\/11\/1000479576-696x957.jpg 696w, https:\/\/programaareavip.com\/wp-content\/uploads\/2024\/11\/1000479576.jpg 1025w\" sizes=\"auto, (max-width: 745px) 100vw, 745px\" \/><figcaption class=\"wp-element-caption\">Grupo Pele Morena<\/figcaption><\/figure>\n\n\n\n<p>Hoje, no Gordinho Samb\u00e3o, um espet\u00e1culo inesquec\u00edvel est\u00e1 prestes a acontecer. As expectativas est\u00e3o nas alturas, e a energia contagiante promete transformar essa celebra\u00e7\u00e3o em um marco na hist\u00f3ria do pagode. A emo\u00e7\u00e3o de reviver os grandes sucessos e a alegria de estar pr\u00f3ximo do p\u00fablico tornam essa festa um momento \u00fanico.Vamos juntos celebrar essas duas d\u00e9cadas de amor, m\u00fasica e muita festa! Que venha o show!<\/p>\n\n\n\n<p>Pele Morena &#8211; 20 anos de hist\u00f3ria:Dia 01 de novembro &#8211; sexta &#8211; V\u00e9spera de feriadoHor\u00e1rio: 22 horasLocal: Gordinho Samb\u00e3o Participa\u00e7\u00f5es: Samba Jr. &#8211; Leqsamba &#8211; Primeira Classe &#8211; D\u2019Moleque &#8211; D\u2019Bem Com A Vida &#8211; Nesse Clima &#8211; Curti\u00e7\u00e3o &#8211; Emerson Xumbrega &#8211; Leozinho &#8211; Aline Martins &#8211; DJ Gustavo O Brabo.<\/p>\n","protected":false},"excerpt":{"rendered":"<p>Neste ano, o Grupo Pele Morena celebra duas d\u00e9cadas de uma trajet\u00f3ria repleta de m\u00fasica, conquistas e amor pelo pagode. Ao longo desses 20 anos, a banda cresceu profissionalmente, conquistando seu espa\u00e7o na cena musical e conquistando o cora\u00e7\u00e3o de f\u00e3s que os acompanham desde o in\u00edcio. Cada nota, cada letra, e cada show foram [&hellip;]<\/p>\n","protected":false},"author":2,"featured_media":631,"comment_status":"open","ping_status":"open","sticky":false,"template":"","format":"standard","meta":{"footnotes":""},"categories":[96,90],"tags":[104,101,98,100,97],"class_list":{"0":"post-629","1":"post","2":"type-post","3":"status-publish","4":"format-standard","5":"has-post-thumbnail","7":"category-entretenimento","8":"category-eventos","9":"tag-brasil","10":"tag-cultura","11":"tag-entreterimento","12":"tag-fimdesemana","13":"tag-shows"},"yoast_head":"<!-- This site is optimized with the Yoast SEO plugin v27.3 - https:\/\/yoast.com\/product\/yoast-seo-wordpress\/ -->\n<title>Grupo Pele Morena: 20 Anos de Pagode e Emo\u00e7\u00e3o.<\/title>\n<meta name=\"robots\" content=\"index, follow, max-snippet:-1, max-image-preview:large, max-video-preview:-1\" \/>\n<link rel=\"canonical\" href=\"https:\/\/programaareavip.com\/?p=629\" \/>\n<meta property=\"og:locale\" content=\"pt_BR\" \/>\n<meta property=\"og:type\" content=\"article\" \/>\n<meta property=\"og:title\" content=\"Grupo Pele Morena: 20 Anos de Pagode e Emo\u00e7\u00e3o.\" \/>\n<meta property=\"og:description\" content=\"Neste ano, o Grupo Pele Morena celebra duas d\u00e9cadas de uma trajet\u00f3ria repleta de m\u00fasica, conquistas e amor pelo pagode. Ao longo desses 20 anos, a banda cresceu profissionalmente, conquistando seu espa\u00e7o na cena musical e conquistando o cora\u00e7\u00e3o de f\u00e3s que os acompanham desde o in\u00edcio. Cada nota, cada letra, e cada show foram [&hellip;]\" \/>\n<meta property=\"og:url\" content=\"https:\/\/programaareavip.com\/?p=629\" \/>\n<meta property=\"og:site_name\" content=\"Programa \u00c1rea Vip\" \/>\n<meta property=\"article:published_time\" content=\"2024-11-01T21:21:47+00:00\" \/>\n<meta property=\"article:modified_time\" content=\"2024-11-01T21:22:20+00:00\" \/>\n<meta property=\"og:image\" content=\"https:\/\/programaareavip.com\/wp-content\/uploads\/2024\/11\/Screenshot_20241101_181013_Drive.jpg\" \/>\n\t<meta property=\"og:image:width\" content=\"989\" \/>\n\t<meta property=\"og:image:height\" content=\"1364\" \/>\n\t<meta property=\"og:image:type\" content=\"image\/jpeg\" \/>\n<meta name=\"author\" content=\"Reda\u00e7\u00e3o entretenimento\" \/>\n<meta name=\"twitter:card\" content=\"summary_large_image\" \/>\n<meta name=\"twitter:label1\" content=\"Escrito por\" \/>\n\t<meta name=\"twitter:data1\" content=\"Reda\u00e7\u00e3o entretenimento\" \/>\n\t<meta name=\"twitter:label2\" content=\"Est. tempo de leitura\" \/>\n\t<meta name=\"twitter:data2\" content=\"2 minutos\" \/>\n<script type=\"application\/ld+json\" class=\"yoast-schema-graph\">{\"@context\":\"https:\\\/\\\/schema.org\",\"@graph\":[{\"@type\":\"Article\",\"@id\":\"https:\\\/\\\/programaareavip.com\\\/?p=629#article\",\"isPartOf\":{\"@id\":\"https:\\\/\\\/programaareavip.com\\\/?p=629\"},\"author\":{\"name\":\"Reda\u00e7\u00e3o entretenimento\",\"@id\":\"https:\\\/\\\/programaareavip.com\\\/#\\\/schema\\\/person\\\/16f3e0665eeca7568213554a42e16970\"},\"headline\":\"Grupo Pele Morena: 20 Anos de Pagode e Emo\u00e7\u00e3o.\",\"datePublished\":\"2024-11-01T21:21:47+00:00\",\"dateModified\":\"2024-11-01T21:22:20+00:00\",\"mainEntityOfPage\":{\"@id\":\"https:\\\/\\\/programaareavip.com\\\/?p=629\"},\"wordCount\":267,\"commentCount\":0,\"publisher\":{\"@id\":\"https:\\\/\\\/programaareavip.com\\\/#organization\"},\"image\":{\"@id\":\"https:\\\/\\\/programaareavip.com\\\/?p=629#primaryimage\"},\"thumbnailUrl\":\"https:\\\/\\\/programaareavip.com\\\/wp-content\\\/uploads\\\/2024\\\/11\\\/Screenshot_20241101_181013_Drive.jpg\",\"keywords\":[\"Brasil\",\"Cultura\",\"entreterimento\",\"Fimdesemana\",\"shows\"],\"articleSection\":[\"Entretenimento\",\"Eventos\"],\"inLanguage\":\"pt-BR\",\"potentialAction\":[{\"@type\":\"CommentAction\",\"name\":\"Comment\",\"target\":[\"https:\\\/\\\/programaareavip.com\\\/?p=629#respond\"]}]},{\"@type\":\"WebPage\",\"@id\":\"https:\\\/\\\/programaareavip.com\\\/?p=629\",\"url\":\"https:\\\/\\\/programaareavip.com\\\/?p=629\",\"name\":\"Grupo Pele Morena: 20 Anos de Pagode e Emo\u00e7\u00e3o.\",\"isPartOf\":{\"@id\":\"https:\\\/\\\/programaareavip.com\\\/#website\"},\"primaryImageOfPage\":{\"@id\":\"https:\\\/\\\/programaareavip.com\\\/?p=629#primaryimage\"},\"image\":{\"@id\":\"https:\\\/\\\/programaareavip.com\\\/?p=629#primaryimage\"},\"thumbnailUrl\":\"https:\\\/\\\/programaareavip.com\\\/wp-content\\\/uploads\\\/2024\\\/11\\\/Screenshot_20241101_181013_Drive.jpg\",\"datePublished\":\"2024-11-01T21:21:47+00:00\",\"dateModified\":\"2024-11-01T21:22:20+00:00\",\"breadcrumb\":{\"@id\":\"https:\\\/\\\/programaareavip.com\\\/?p=629#breadcrumb\"},\"inLanguage\":\"pt-BR\",\"potentialAction\":[{\"@type\":\"ReadAction\",\"target\":[\"https:\\\/\\\/programaareavip.com\\\/?p=629\"]}]},{\"@type\":\"ImageObject\",\"inLanguage\":\"pt-BR\",\"@id\":\"https:\\\/\\\/programaareavip.com\\\/?p=629#primaryimage\",\"url\":\"https:\\\/\\\/programaareavip.com\\\/wp-content\\\/uploads\\\/2024\\\/11\\\/Screenshot_20241101_181013_Drive.jpg\",\"contentUrl\":\"https:\\\/\\\/programaareavip.com\\\/wp-content\\\/uploads\\\/2024\\\/11\\\/Screenshot_20241101_181013_Drive.jpg\",\"width\":989,\"height\":1364},{\"@type\":\"BreadcrumbList\",\"@id\":\"https:\\\/\\\/programaareavip.com\\\/?p=629#breadcrumb\",\"itemListElement\":[{\"@type\":\"ListItem\",\"position\":1,\"name\":\"In\u00edcio\",\"item\":\"https:\\\/\\\/programaareavip.com\\\/\"},{\"@type\":\"ListItem\",\"position\":2,\"name\":\"Grupo Pele Morena: 20 Anos de Pagode e Emo\u00e7\u00e3o.\"}]},{\"@type\":\"WebSite\",\"@id\":\"https:\\\/\\\/programaareavip.com\\\/#website\",\"url\":\"https:\\\/\\\/programaareavip.com\\\/\",\"name\":\"Programa \u00c1rea Vip\",\"description\":\"Not\u00edcias na palma da sua m\u00e3o\",\"publisher\":{\"@id\":\"https:\\\/\\\/programaareavip.com\\\/#organization\"},\"potentialAction\":[{\"@type\":\"SearchAction\",\"target\":{\"@type\":\"EntryPoint\",\"urlTemplate\":\"https:\\\/\\\/programaareavip.com\\\/?s={search_term_string}\"},\"query-input\":{\"@type\":\"PropertyValueSpecification\",\"valueRequired\":true,\"valueName\":\"search_term_string\"}}],\"inLanguage\":\"pt-BR\"},{\"@type\":\"Organization\",\"@id\":\"https:\\\/\\\/programaareavip.com\\\/#organization\",\"name\":\"Programa \u00c1rea Vip\",\"url\":\"https:\\\/\\\/programaareavip.com\\\/\",\"logo\":{\"@type\":\"ImageObject\",\"inLanguage\":\"pt-BR\",\"@id\":\"https:\\\/\\\/programaareavip.com\\\/#\\\/schema\\\/logo\\\/image\\\/\",\"url\":\"https:\\\/\\\/programaareavip.com\\\/wp-content\\\/uploads\\\/2024\\\/10\\\/cropped-image0-1.jpeg\",\"contentUrl\":\"https:\\\/\\\/programaareavip.com\\\/wp-content\\\/uploads\\\/2024\\\/10\\\/cropped-image0-1.jpeg\",\"width\":512,\"height\":512,\"caption\":\"Programa \u00c1rea Vip\"},\"image\":{\"@id\":\"https:\\\/\\\/programaareavip.com\\\/#\\\/schema\\\/logo\\\/image\\\/\"}},{\"@type\":\"Person\",\"@id\":\"https:\\\/\\\/programaareavip.com\\\/#\\\/schema\\\/person\\\/16f3e0665eeca7568213554a42e16970\",\"name\":\"Reda\u00e7\u00e3o entretenimento\",\"image\":{\"@type\":\"ImageObject\",\"inLanguage\":\"pt-BR\",\"@id\":\"https:\\\/\\\/secure.gravatar.com\\\/avatar\\\/d4b7dc44fcf13d5ffa8c3b4891d3fbf1cc387bf09b51c9a05649631d9ffe38a7?s=96&d=mm&r=g\",\"url\":\"https:\\\/\\\/secure.gravatar.com\\\/avatar\\\/d4b7dc44fcf13d5ffa8c3b4891d3fbf1cc387bf09b51c9a05649631d9ffe38a7?s=96&d=mm&r=g\",\"contentUrl\":\"https:\\\/\\\/secure.gravatar.com\\\/avatar\\\/d4b7dc44fcf13d5ffa8c3b4891d3fbf1cc387bf09b51c9a05649631d9ffe38a7?s=96&d=mm&r=g\",\"caption\":\"Reda\u00e7\u00e3o entretenimento\"},\"description\":\"Apresentadora do quadro \u00c1rea Vip no programa DESTAQUE - CANAL 18.1 RedeTV ES Jornalista - DRT 46667 Instagram @babi.marangoni Educadora F\u00edsica e Bailarina. Dancer profissional\",\"sameAs\":[\"http:\\\/\\\/www.areavipcombabi.com\",\"https:\\\/\\\/www.linkedin.com\\\/in\\\/babimarangoni?utm_source=share&utm_campaign=share_via&utm_content=profile&utm_medium=android_app\",\"https:\\\/\\\/pin.it\\\/5fA7LPNzy\",\"https:\\\/\\\/www.youtube.com\\\/@Babimarangonii\",\"https:\\\/\\\/images.app.goo.gl\\\/s7dqVAHXytEwvoLt6\"],\"url\":\"https:\\\/\\\/programaareavip.com\\\/?author=2\"}]}<\/script>\n<!-- \/ Yoast SEO plugin. -->","yoast_head_json":{"title":"Grupo Pele Morena: 20 Anos de Pagode e Emo\u00e7\u00e3o.","robots":{"index":"index","follow":"follow","max-snippet":"max-snippet:-1","max-image-preview":"max-image-preview:large","max-video-preview":"max-video-preview:-1"},"canonical":"https:\/\/programaareavip.com\/?p=629","og_locale":"pt_BR","og_type":"article","og_title":"Grupo Pele Morena: 20 Anos de Pagode e Emo\u00e7\u00e3o.","og_description":"Neste ano, o Grupo Pele Morena celebra duas d\u00e9cadas de uma trajet\u00f3ria repleta de m\u00fasica, conquistas e amor pelo pagode. Ao longo desses 20 anos, a banda cresceu profissionalmente, conquistando seu espa\u00e7o na cena musical e conquistando o cora\u00e7\u00e3o de f\u00e3s que os acompanham desde o in\u00edcio. Cada nota, cada letra, e cada show foram [&hellip;]","og_url":"https:\/\/programaareavip.com\/?p=629","og_site_name":"Programa \u00c1rea Vip","article_published_time":"2024-11-01T21:21:47+00:00","article_modified_time":"2024-11-01T21:22:20+00:00","og_image":[{"width":989,"height":1364,"url":"https:\/\/programaareavip.com\/wp-content\/uploads\/2024\/11\/Screenshot_20241101_181013_Drive.jpg","type":"image\/jpeg"}],"author":"Reda\u00e7\u00e3o entretenimento","twitter_card":"summary_large_image","twitter_misc":{"Escrito por":"Reda\u00e7\u00e3o entretenimento","Est. tempo de leitura":"2 minutos"},"schema":{"@context":"https:\/\/schema.org","@graph":[{"@type":"Article","@id":"https:\/\/programaareavip.com\/?p=629#article","isPartOf":{"@id":"https:\/\/programaareavip.com\/?p=629"},"author":{"name":"Reda\u00e7\u00e3o entretenimento","@id":"https:\/\/programaareavip.com\/#\/schema\/person\/16f3e0665eeca7568213554a42e16970"},"headline":"Grupo Pele Morena: 20 Anos de Pagode e Emo\u00e7\u00e3o.","datePublished":"2024-11-01T21:21:47+00:00","dateModified":"2024-11-01T21:22:20+00:00","mainEntityOfPage":{"@id":"https:\/\/programaareavip.com\/?p=629"},"wordCount":267,"commentCount":0,"publisher":{"@id":"https:\/\/programaareavip.com\/#organization"},"image":{"@id":"https:\/\/programaareavip.com\/?p=629#primaryimage"},"thumbnailUrl":"https:\/\/programaareavip.com\/wp-content\/uploads\/2024\/11\/Screenshot_20241101_181013_Drive.jpg","keywords":["Brasil","Cultura","entreterimento","Fimdesemana","shows"],"articleSection":["Entretenimento","Eventos"],"inLanguage":"pt-BR","potentialAction":[{"@type":"CommentAction","name":"Comment","target":["https:\/\/programaareavip.com\/?p=629#respond"]}]},{"@type":"WebPage","@id":"https:\/\/programaareavip.com\/?p=629","url":"https:\/\/programaareavip.com\/?p=629","name":"Grupo Pele Morena: 20 Anos de Pagode e Emo\u00e7\u00e3o.","isPartOf":{"@id":"https:\/\/programaareavip.com\/#website"},"primaryImageOfPage":{"@id":"https:\/\/programaareavip.com\/?p=629#primaryimage"},"image":{"@id":"https:\/\/programaareavip.com\/?p=629#primaryimage"},"thumbnailUrl":"https:\/\/programaareavip.com\/wp-content\/uploads\/2024\/11\/Screenshot_20241101_181013_Drive.jpg","datePublished":"2024-11-01T21:21:47+00:00","dateModified":"2024-11-01T21:22:20+00:00","breadcrumb":{"@id":"https:\/\/programaareavip.com\/?p=629#breadcrumb"},"inLanguage":"pt-BR","potentialAction":[{"@type":"ReadAction","target":["https:\/\/programaareavip.com\/?p=629"]}]},{"@type":"ImageObject","inLanguage":"pt-BR","@id":"https:\/\/programaareavip.com\/?p=629#primaryimage","url":"https:\/\/programaareavip.com\/wp-content\/uploads\/2024\/11\/Screenshot_20241101_181013_Drive.jpg","contentUrl":"https:\/\/programaareavip.com\/wp-content\/uploads\/2024\/11\/Screenshot_20241101_181013_Drive.jpg","width":989,"height":1364},{"@type":"BreadcrumbList","@id":"https:\/\/programaareavip.com\/?p=629#breadcrumb","itemListElement":[{"@type":"ListItem","position":1,"name":"In\u00edcio","item":"https:\/\/programaareavip.com\/"},{"@type":"ListItem","position":2,"name":"Grupo Pele Morena: 20 Anos de Pagode e Emo\u00e7\u00e3o."}]},{"@type":"WebSite","@id":"https:\/\/programaareavip.com\/#website","url":"https:\/\/programaareavip.com\/","name":"Programa \u00c1rea Vip","description":"Not\u00edcias na palma da sua m\u00e3o","publisher":{"@id":"https:\/\/programaareavip.com\/#organization"},"potentialAction":[{"@type":"SearchAction","target":{"@type":"EntryPoint","urlTemplate":"https:\/\/programaareavip.com\/?s={search_term_string}"},"query-input":{"@type":"PropertyValueSpecification","valueRequired":true,"valueName":"search_term_string"}}],"inLanguage":"pt-BR"},{"@type":"Organization","@id":"https:\/\/programaareavip.com\/#organization","name":"Programa \u00c1rea Vip","url":"https:\/\/programaareavip.com\/","logo":{"@type":"ImageObject","inLanguage":"pt-BR","@id":"https:\/\/programaareavip.com\/#\/schema\/logo\/image\/","url":"https:\/\/programaareavip.com\/wp-content\/uploads\/2024\/10\/cropped-image0-1.jpeg","contentUrl":"https:\/\/programaareavip.com\/wp-content\/uploads\/2024\/10\/cropped-image0-1.jpeg","width":512,"height":512,"caption":"Programa \u00c1rea Vip"},"image":{"@id":"https:\/\/programaareavip.com\/#\/schema\/logo\/image\/"}},{"@type":"Person","@id":"https:\/\/programaareavip.com\/#\/schema\/person\/16f3e0665eeca7568213554a42e16970","name":"Reda\u00e7\u00e3o entretenimento","image":{"@type":"ImageObject","inLanguage":"pt-BR","@id":"https:\/\/secure.gravatar.com\/avatar\/d4b7dc44fcf13d5ffa8c3b4891d3fbf1cc387bf09b51c9a05649631d9ffe38a7?s=96&d=mm&r=g","url":"https:\/\/secure.gravatar.com\/avatar\/d4b7dc44fcf13d5ffa8c3b4891d3fbf1cc387bf09b51c9a05649631d9ffe38a7?s=96&d=mm&r=g","contentUrl":"https:\/\/secure.gravatar.com\/avatar\/d4b7dc44fcf13d5ffa8c3b4891d3fbf1cc387bf09b51c9a05649631d9ffe38a7?s=96&d=mm&r=g","caption":"Reda\u00e7\u00e3o entretenimento"},"description":"Apresentadora do quadro \u00c1rea Vip no programa DESTAQUE - CANAL 18.1 RedeTV ES Jornalista - DRT 46667 Instagram @babi.marangoni Educadora F\u00edsica e Bailarina. Dancer profissional","sameAs":["http:\/\/www.areavipcombabi.com","https:\/\/www.linkedin.com\/in\/babimarangoni?utm_source=share&utm_campaign=share_via&utm_content=profile&utm_medium=android_app","https:\/\/pin.it\/5fA7LPNzy","https:\/\/www.youtube.com\/@Babimarangonii","https:\/\/images.app.goo.gl\/s7dqVAHXytEwvoLt6"],"url":"https:\/\/programaareavip.com\/?author=2"}]}},"_links":{"self":[{"href":"https:\/\/programaareavip.com\/index.php?rest_route=\/wp\/v2\/posts\/629","targetHints":{"allow":["GET"]}}],"collection":[{"href":"https:\/\/programaareavip.com\/index.php?rest_route=\/wp\/v2\/posts"}],"about":[{"href":"https:\/\/programaareavip.com\/index.php?rest_route=\/wp\/v2\/types\/post"}],"author":[{"embeddable":true,"href":"https:\/\/programaareavip.com\/index.php?rest_route=\/wp\/v2\/users\/2"}],"replies":[{"embeddable":true,"href":"https:\/\/programaareavip.com\/index.php?rest_route=%2Fwp%2Fv2%2Fcomments&post=629"}],"version-history":[{"count":1,"href":"https:\/\/programaareavip.com\/index.php?rest_route=\/wp\/v2\/posts\/629\/revisions"}],"predecessor-version":[{"id":632,"href":"https:\/\/programaareavip.com\/index.php?rest_route=\/wp\/v2\/posts\/629\/revisions\/632"}],"wp:featuredmedia":[{"embeddable":true,"href":"https:\/\/programaareavip.com\/index.php?rest_route=\/wp\/v2\/media\/631"}],"wp:attachment":[{"href":"https:\/\/programaareavip.com\/index.php?rest_route=%2Fwp%2Fv2%2Fmedia&parent=629"}],"wp:term":[{"taxonomy":"category","embeddable":true,"href":"https:\/\/programaareavip.com\/index.php?rest_route=%2Fwp%2Fv2%2Fcategories&post=629"},{"taxonomy":"post_tag","embeddable":true,"href":"https:\/\/programaareavip.com\/index.php?rest_route=%2Fwp%2Fv2%2Ftags&post=629"}],"curies":[{"name":"wp","href":"https:\/\/api.w.org\/{rel}","templated":true}]}}