{"id":3516,"date":"2026-04-30T01:59:30","date_gmt":"2026-04-30T01:59:30","guid":{"rendered":"https:\/\/programaareavip.com\/?p=3516"},"modified":"2026-04-30T01:59:30","modified_gmt":"2026-04-30T01:59:30","slug":"paula-fernandes-lota-shows-em-portugal-e-emociona-publico-em-duas-noites-marcantes","status":"publish","type":"post","link":"https:\/\/programaareavip.com\/?p=3516","title":{"rendered":"Paula Fernandes lota shows em Portugal e emociona p\u00fablico em duas noites marcantes"},"content":{"rendered":"\n<p><em>Apresenta\u00e7\u00f5es em Lisboa e Guimar\u00e3es tiveram casa cheia e forte intera\u00e7\u00e3o com o p\u00fablico portugu\u00eas<\/em><\/p>\n\n\n<!-- wp:image \"id\":24453,\"sizeSlug\":\"large\",\"linkDestination\":\"none\" -->\n<figure class=\"wp-block-image size-large\"><img decoding=\"async\" src=\"https:\/\/programacamarote.com.br\/wp-content\/uploads\/2026\/04\/IMG_0386-768x1024.jpeg\" alt=\"\" class=\"wp-image-24453\"\/><\/figure>\n<!-- \/wp:post-content -->\n\n<!-- wp:paragraph -->\n<p><em>Cr\u00e9ditos: Divulga\u00e7\u00e3o<\/em><\/p>\n<!-- \/wp:paragraph -->\n\n<!-- wp:paragraph -->\n<p><em>Fotos e v\u00eddeos:<\/em><em> <\/em><a href=\"https:\/\/drive.google.com\/drive\/folders\/1UE6Mv5CHm5fsMoPjsqKjsMXENba6n51i\" target=\"_blank\" rel=\"noreferrer noopener\"><em>https:\/\/drive.google.com\/drive\/folders\/1UE6Mv5CHm5fsMoPjsqKjsMXENba6n51i<\/em><\/a><\/p>\n<!-- \/wp:paragraph -->\n\n<!-- wp:paragraph -->\n<p>Ap\u00f3s a grava\u00e7\u00e3o do audiovisual <strong>\u201c30 &#038; Poucos Anos\u201d<\/strong>, que reuniu grandes nomes da m\u00fasica brasileira e revisita sua trajet\u00f3ria de sucessos, <strong>Paula Fernandes<\/strong> protagonizou duas noites marcantes em <strong>Portugal<\/strong>, neste fim de semana, com apresenta\u00e7\u00f5es em <strong>Lisboa<\/strong> (24) e em <strong>Guimar\u00e3es<\/strong> (25). Os shows, marcados por emo\u00e7\u00e3o, proximidade e casa cheia, refor\u00e7am sua forte conex\u00e3o com o p\u00fablico europeu. Com uma base de f\u00e3s fiel no pa\u00eds, a artista faz quest\u00e3o de incluir o territ\u00f3rio portugu\u00eas em suas agendas internacionais, consolidando a rela\u00e7\u00e3o constru\u00edda ao longo dos anos.<\/p>\n<!-- \/wp:paragraph -->\n\n<!-- wp:paragraph -->\n<p>Na capital portuguesa, o espet\u00e1culo aconteceu em clima intimista e com atmosfera especial de primavera. Em um cen\u00e1rio acolhedor ao ar livre, a artista conduziu uma verdadeira viagem por sua trajet\u00f3ria musical, reunindo sucessos que marcaram gera\u00e7\u00f5es, como \u201cSeio de Minas\u201d, \u201cN\u00e3o Precisa\u201d, \u201cPra Voc\u00ea\u201d, \u201cJeito do Mato\u201d e \u201cP\u00e1ssaro de Fogo\u201d. A plateia acompanhou cada can\u00e7\u00e3o em coro, evidenciando a sintonia com a cantora.<\/p>\n<!-- \/wp:paragraph -->\n\n<!-- wp:paragraph -->\n<p>Durante a apresenta\u00e7\u00e3o, Paula Fernandes tamb\u00e9m abriu espa\u00e7o para cl\u00e1ssicos do sertanejo raiz, resgatando o \u201cmod\u00e3o\u201d e celebrando suas influ\u00eancias em um repert\u00f3rio que cruzou estilos e gera\u00e7\u00f5es. O show refor\u00e7ou a dimens\u00e3o internacional de sua carreira e sua capacidade de conquistar novos p\u00fablicos fora do Brasil.<\/p>\n<!-- \/wp:paragraph -->\n\n<!-- wp:paragraph -->\n<p>J\u00e1 em Guimar\u00e3es, no norte do pa\u00eds, onde se apresentou pela terceira vez, o sucesso se repetiu \u2014 desta vez com ingressos completamente esgotados e cerca de 4 mil pessoas presentes. Em um espet\u00e1culo vibrante e ao mesmo tempo pr\u00f3ximo, a artista manteve o tom intimista da apresenta\u00e7\u00e3o, interagindo diretamente com o p\u00fablico e protagonizando um dos momentos mais marcantes da noite ao descer do palco para cumprimentar os f\u00e3s.<\/p>\n<!-- \/wp:paragraph -->\n\n<!-- wp:paragraph -->\n<p>\u201c\u00c9 sempre muito especial estar de volta a Portugal. Existe um carinho genu\u00edno do p\u00fablico daqui que eu sinto desde o primeiro instante. Voltar, encontrar essa energia e ver tudo cheio \u00e9 emocionante e me faz querer voltar sempre\u201d, declarou.<\/p>\n<!-- \/wp:paragraph -->\n\n<!-- wp:paragraph -->\n<p>A passagem por Portugal refor\u00e7a o momento de destaque na carreira de Paula Fernandes, que vive uma nova fase art\u00edstica e segue ampliando sua presen\u00e7a no cen\u00e1rio internacional. Consagrada como uma das principais vozes da m\u00fasica brasileira, a artista reafirma sua for\u00e7a ao emocionar p\u00fablicos de diferentes gera\u00e7\u00f5es dentro e fora do pa\u00eds.<\/p>\n<!-- \/wp:paragraph -->","protected":false},"excerpt":{"rendered":"<p>Apresenta\u00e7\u00f5es em Lisboa e Guimar\u00e3es tiveram casa cheia e forte intera\u00e7\u00e3o com o p\u00fablico portugu\u00eas Cr\u00e9ditos: Divulga\u00e7\u00e3o Fotos e v\u00eddeos: https:\/\/drive.google.com\/drive\/folders\/1UE6Mv5CHm5fsMoPjsqKjsMXENba6n51i Ap\u00f3s a grava\u00e7\u00e3o do audiovisual \u201c30 &#038; Poucos Anos\u201d, que reuniu grandes nomes da m\u00fasica brasileira e revisita sua trajet\u00f3ria de sucessos, Paula Fernandes protagonizou duas noites marcantes em Portugal, neste fim de semana, com apresenta\u00e7\u00f5es em Lisboa (24) e em Guimar\u00e3es (25). Os shows, marcados por emo\u00e7\u00e3o, proximidade e casa cheia, refor\u00e7am sua forte conex\u00e3o com o p\u00fablico europeu. Com uma base de f\u00e3s fiel no pa\u00eds, a artista faz quest\u00e3o de incluir o territ\u00f3rio portugu\u00eas em suas [\u2026]<\/p>\n","protected":false},"author":1,"featured_media":3515,"comment_status":"closed","ping_status":"open","sticky":false,"template":"","format":"standard","meta":{"footnotes":""},"categories":[135],"tags":[],"class_list":{"0":"post-3516","1":"post","2":"type-post","3":"status-publish","4":"format-standard","5":"has-post-thumbnail","7":"category-destaque"},"yoast_head":"<!-- This site is optimized with the Yoast SEO plugin v27.3 - https:\/\/yoast.com\/product\/yoast-seo-wordpress\/ -->\n<title>Paula Fernandes lota shows em Portugal e emociona p\u00fablico em duas noites marcantes<\/title>\n<meta name=\"robots\" content=\"index, follow, max-snippet:-1, max-image-preview:large, max-video-preview:-1\" \/>\n<link rel=\"canonical\" href=\"https:\/\/programaareavip.com\/?p=3516\" \/>\n<meta property=\"og:locale\" content=\"pt_BR\" \/>\n<meta property=\"og:type\" content=\"article\" \/>\n<meta property=\"og:title\" content=\"Paula Fernandes lota shows em Portugal e emociona p\u00fablico em duas noites marcantes\" \/>\n<meta property=\"og:description\" content=\"Apresenta\u00e7\u00f5es em Lisboa e Guimar\u00e3es tiveram casa cheia e forte intera\u00e7\u00e3o com o p\u00fablico portugu\u00eas Cr\u00e9ditos: Divulga\u00e7\u00e3o Fotos e v\u00eddeos: https:\/\/drive.google.com\/drive\/folders\/1UE6Mv5CHm5fsMoPjsqKjsMXENba6n51i Ap\u00f3s a grava\u00e7\u00e3o do audiovisual \u201c30 &amp; Poucos Anos\u201d, que reuniu grandes nomes da m\u00fasica brasileira e revisita sua trajet\u00f3ria de sucessos, Paula Fernandes protagonizou duas noites marcantes em Portugal, neste fim de semana, com apresenta\u00e7\u00f5es em Lisboa (24) e em Guimar\u00e3es (25). Os shows, marcados por emo\u00e7\u00e3o, proximidade e casa cheia, refor\u00e7am sua forte conex\u00e3o com o p\u00fablico europeu. Com uma base de f\u00e3s fiel no pa\u00eds, a artista faz quest\u00e3o de incluir o territ\u00f3rio portugu\u00eas em suas [\u2026]\" \/>\n<meta property=\"og:url\" content=\"https:\/\/programaareavip.com\/?p=3516\" \/>\n<meta property=\"og:site_name\" content=\"Programa \u00c1rea Vip\" \/>\n<meta property=\"article:published_time\" content=\"2026-04-30T01:59:30+00:00\" \/>\n<meta property=\"og:image\" content=\"https:\/\/programaareavip.com\/wp-content\/uploads\/2026\/04\/IMG_0387.jpeg\" \/>\n\t<meta property=\"og:image:width\" content=\"1284\" \/>\n\t<meta property=\"og:image:height\" content=\"965\" \/>\n\t<meta property=\"og:image:type\" content=\"image\/jpeg\" \/>\n<meta name=\"author\" content=\"Matheus Mattuvo\" \/>\n<meta name=\"twitter:card\" content=\"summary_large_image\" \/>\n<meta name=\"twitter:label1\" content=\"Escrito por\" \/>\n\t<meta name=\"twitter:data1\" content=\"Matheus Mattuvo\" \/>\n\t<meta name=\"twitter:label2\" content=\"Est. tempo de leitura\" \/>\n\t<meta name=\"twitter:data2\" content=\"2 minutos\" \/>\n<script type=\"application\/ld+json\" class=\"yoast-schema-graph\">{\"@context\":\"https:\\\/\\\/schema.org\",\"@graph\":[{\"@type\":\"Article\",\"@id\":\"https:\\\/\\\/programaareavip.com\\\/?p=3516#article\",\"isPartOf\":{\"@id\":\"https:\\\/\\\/programaareavip.com\\\/?p=3516\"},\"author\":{\"name\":\"Matheus Mattuvo\",\"@id\":\"https:\\\/\\\/programaareavip.com\\\/#\\\/schema\\\/person\\\/bf31a029ec20a102d7c5dfb6c92d1dc5\"},\"headline\":\"Paula Fernandes lota shows em Portugal e emociona p\u00fablico em duas noites marcantes\",\"datePublished\":\"2026-04-30T01:59:30+00:00\",\"mainEntityOfPage\":{\"@id\":\"https:\\\/\\\/programaareavip.com\\\/?p=3516\"},\"wordCount\":463,\"publisher\":{\"@id\":\"https:\\\/\\\/programaareavip.com\\\/#organization\"},\"image\":{\"@id\":\"https:\\\/\\\/programaareavip.com\\\/?p=3516#primaryimage\"},\"thumbnailUrl\":\"https:\\\/\\\/programaareavip.com\\\/wp-content\\\/uploads\\\/2026\\\/04\\\/IMG_0387.jpeg\",\"articleSection\":[\"Destaque\"],\"inLanguage\":\"pt-BR\"},{\"@type\":\"WebPage\",\"@id\":\"https:\\\/\\\/programaareavip.com\\\/?p=3516\",\"url\":\"https:\\\/\\\/programaareavip.com\\\/?p=3516\",\"name\":\"Paula Fernandes lota shows em Portugal e emociona p\u00fablico em duas noites marcantes\",\"isPartOf\":{\"@id\":\"https:\\\/\\\/programaareavip.com\\\/#website\"},\"primaryImageOfPage\":{\"@id\":\"https:\\\/\\\/programaareavip.com\\\/?p=3516#primaryimage\"},\"image\":{\"@id\":\"https:\\\/\\\/programaareavip.com\\\/?p=3516#primaryimage\"},\"thumbnailUrl\":\"https:\\\/\\\/programaareavip.com\\\/wp-content\\\/uploads\\\/2026\\\/04\\\/IMG_0387.jpeg\",\"datePublished\":\"2026-04-30T01:59:30+00:00\",\"breadcrumb\":{\"@id\":\"https:\\\/\\\/programaareavip.com\\\/?p=3516#breadcrumb\"},\"inLanguage\":\"pt-BR\",\"potentialAction\":[{\"@type\":\"ReadAction\",\"target\":[\"https:\\\/\\\/programaareavip.com\\\/?p=3516\"]}]},{\"@type\":\"ImageObject\",\"inLanguage\":\"pt-BR\",\"@id\":\"https:\\\/\\\/programaareavip.com\\\/?p=3516#primaryimage\",\"url\":\"https:\\\/\\\/programaareavip.com\\\/wp-content\\\/uploads\\\/2026\\\/04\\\/IMG_0387.jpeg\",\"contentUrl\":\"https:\\\/\\\/programaareavip.com\\\/wp-content\\\/uploads\\\/2026\\\/04\\\/IMG_0387.jpeg\",\"width\":1284,\"height\":965},{\"@type\":\"BreadcrumbList\",\"@id\":\"https:\\\/\\\/programaareavip.com\\\/?p=3516#breadcrumb\",\"itemListElement\":[{\"@type\":\"ListItem\",\"position\":1,\"name\":\"In\u00edcio\",\"item\":\"https:\\\/\\\/programaareavip.com\\\/\"},{\"@type\":\"ListItem\",\"position\":2,\"name\":\"Paula Fernandes lota shows em Portugal e emociona p\u00fablico em duas noites marcantes\"}]},{\"@type\":\"WebSite\",\"@id\":\"https:\\\/\\\/programaareavip.com\\\/#website\",\"url\":\"https:\\\/\\\/programaareavip.com\\\/\",\"name\":\"Programa \u00c1rea Vip\",\"description\":\"Not\u00edcias na palma da sua m\u00e3o\",\"publisher\":{\"@id\":\"https:\\\/\\\/programaareavip.com\\\/#organization\"},\"potentialAction\":[{\"@type\":\"SearchAction\",\"target\":{\"@type\":\"EntryPoint\",\"urlTemplate\":\"https:\\\/\\\/programaareavip.com\\\/?s={search_term_string}\"},\"query-input\":{\"@type\":\"PropertyValueSpecification\",\"valueRequired\":true,\"valueName\":\"search_term_string\"}}],\"inLanguage\":\"pt-BR\"},{\"@type\":\"Organization\",\"@id\":\"https:\\\/\\\/programaareavip.com\\\/#organization\",\"name\":\"Programa \u00c1rea Vip\",\"url\":\"https:\\\/\\\/programaareavip.com\\\/\",\"logo\":{\"@type\":\"ImageObject\",\"inLanguage\":\"pt-BR\",\"@id\":\"https:\\\/\\\/programaareavip.com\\\/#\\\/schema\\\/logo\\\/image\\\/\",\"url\":\"https:\\\/\\\/programaareavip.com\\\/wp-content\\\/uploads\\\/2024\\\/10\\\/cropped-image0-1.jpeg\",\"contentUrl\":\"https:\\\/\\\/programaareavip.com\\\/wp-content\\\/uploads\\\/2024\\\/10\\\/cropped-image0-1.jpeg\",\"width\":512,\"height\":512,\"caption\":\"Programa \u00c1rea Vip\"},\"image\":{\"@id\":\"https:\\\/\\\/programaareavip.com\\\/#\\\/schema\\\/logo\\\/image\\\/\"}},{\"@type\":\"Person\",\"@id\":\"https:\\\/\\\/programaareavip.com\\\/#\\\/schema\\\/person\\\/bf31a029ec20a102d7c5dfb6c92d1dc5\",\"name\":\"Matheus Mattuvo\",\"image\":{\"@type\":\"ImageObject\",\"inLanguage\":\"pt-BR\",\"@id\":\"https:\\\/\\\/secure.gravatar.com\\\/avatar\\\/160fd465491b28b353bd7049ac5a7f96a9766e4186ad78c29ac46f081d4aa7b5?s=96&d=mm&r=g\",\"url\":\"https:\\\/\\\/secure.gravatar.com\\\/avatar\\\/160fd465491b28b353bd7049ac5a7f96a9766e4186ad78c29ac46f081d4aa7b5?s=96&d=mm&r=g\",\"contentUrl\":\"https:\\\/\\\/secure.gravatar.com\\\/avatar\\\/160fd465491b28b353bd7049ac5a7f96a9766e4186ad78c29ac46f081d4aa7b5?s=96&d=mm&r=g\",\"caption\":\"Matheus Mattuvo\"},\"sameAs\":[\"https:\\\/\\\/programaareavip.com\"],\"url\":\"https:\\\/\\\/programaareavip.com\\\/?author=1\"}]}<\/script>\n<!-- \/ Yoast SEO plugin. -->","yoast_head_json":{"title":"Paula Fernandes lota shows em Portugal e emociona p\u00fablico em duas noites marcantes","robots":{"index":"index","follow":"follow","max-snippet":"max-snippet:-1","max-image-preview":"max-image-preview:large","max-video-preview":"max-video-preview:-1"},"canonical":"https:\/\/programaareavip.com\/?p=3516","og_locale":"pt_BR","og_type":"article","og_title":"Paula Fernandes lota shows em Portugal e emociona p\u00fablico em duas noites marcantes","og_description":"Apresenta\u00e7\u00f5es em Lisboa e Guimar\u00e3es tiveram casa cheia e forte intera\u00e7\u00e3o com o p\u00fablico portugu\u00eas Cr\u00e9ditos: Divulga\u00e7\u00e3o Fotos e v\u00eddeos: https:\/\/drive.google.com\/drive\/folders\/1UE6Mv5CHm5fsMoPjsqKjsMXENba6n51i Ap\u00f3s a grava\u00e7\u00e3o do audiovisual \u201c30 & Poucos Anos\u201d, que reuniu grandes nomes da m\u00fasica brasileira e revisita sua trajet\u00f3ria de sucessos, Paula Fernandes protagonizou duas noites marcantes em Portugal, neste fim de semana, com apresenta\u00e7\u00f5es em Lisboa (24) e em Guimar\u00e3es (25). Os shows, marcados por emo\u00e7\u00e3o, proximidade e casa cheia, refor\u00e7am sua forte conex\u00e3o com o p\u00fablico europeu. Com uma base de f\u00e3s fiel no pa\u00eds, a artista faz quest\u00e3o de incluir o territ\u00f3rio portugu\u00eas em suas [\u2026]","og_url":"https:\/\/programaareavip.com\/?p=3516","og_site_name":"Programa \u00c1rea Vip","article_published_time":"2026-04-30T01:59:30+00:00","og_image":[{"width":1284,"height":965,"url":"https:\/\/programaareavip.com\/wp-content\/uploads\/2026\/04\/IMG_0387.jpeg","type":"image\/jpeg"}],"author":"Matheus Mattuvo","twitter_card":"summary_large_image","twitter_misc":{"Escrito por":"Matheus Mattuvo","Est. tempo de leitura":"2 minutos"},"schema":{"@context":"https:\/\/schema.org","@graph":[{"@type":"Article","@id":"https:\/\/programaareavip.com\/?p=3516#article","isPartOf":{"@id":"https:\/\/programaareavip.com\/?p=3516"},"author":{"name":"Matheus Mattuvo","@id":"https:\/\/programaareavip.com\/#\/schema\/person\/bf31a029ec20a102d7c5dfb6c92d1dc5"},"headline":"Paula Fernandes lota shows em Portugal e emociona p\u00fablico em duas noites marcantes","datePublished":"2026-04-30T01:59:30+00:00","mainEntityOfPage":{"@id":"https:\/\/programaareavip.com\/?p=3516"},"wordCount":463,"publisher":{"@id":"https:\/\/programaareavip.com\/#organization"},"image":{"@id":"https:\/\/programaareavip.com\/?p=3516#primaryimage"},"thumbnailUrl":"https:\/\/programaareavip.com\/wp-content\/uploads\/2026\/04\/IMG_0387.jpeg","articleSection":["Destaque"],"inLanguage":"pt-BR"},{"@type":"WebPage","@id":"https:\/\/programaareavip.com\/?p=3516","url":"https:\/\/programaareavip.com\/?p=3516","name":"Paula Fernandes lota shows em Portugal e emociona p\u00fablico em duas noites marcantes","isPartOf":{"@id":"https:\/\/programaareavip.com\/#website"},"primaryImageOfPage":{"@id":"https:\/\/programaareavip.com\/?p=3516#primaryimage"},"image":{"@id":"https:\/\/programaareavip.com\/?p=3516#primaryimage"},"thumbnailUrl":"https:\/\/programaareavip.com\/wp-content\/uploads\/2026\/04\/IMG_0387.jpeg","datePublished":"2026-04-30T01:59:30+00:00","breadcrumb":{"@id":"https:\/\/programaareavip.com\/?p=3516#breadcrumb"},"inLanguage":"pt-BR","potentialAction":[{"@type":"ReadAction","target":["https:\/\/programaareavip.com\/?p=3516"]}]},{"@type":"ImageObject","inLanguage":"pt-BR","@id":"https:\/\/programaareavip.com\/?p=3516#primaryimage","url":"https:\/\/programaareavip.com\/wp-content\/uploads\/2026\/04\/IMG_0387.jpeg","contentUrl":"https:\/\/programaareavip.com\/wp-content\/uploads\/2026\/04\/IMG_0387.jpeg","width":1284,"height":965},{"@type":"BreadcrumbList","@id":"https:\/\/programaareavip.com\/?p=3516#breadcrumb","itemListElement":[{"@type":"ListItem","position":1,"name":"In\u00edcio","item":"https:\/\/programaareavip.com\/"},{"@type":"ListItem","position":2,"name":"Paula Fernandes lota shows em Portugal e emociona p\u00fablico em duas noites marcantes"}]},{"@type":"WebSite","@id":"https:\/\/programaareavip.com\/#website","url":"https:\/\/programaareavip.com\/","name":"Programa \u00c1rea Vip","description":"Not\u00edcias na palma da sua m\u00e3o","publisher":{"@id":"https:\/\/programaareavip.com\/#organization"},"potentialAction":[{"@type":"SearchAction","target":{"@type":"EntryPoint","urlTemplate":"https:\/\/programaareavip.com\/?s={search_term_string}"},"query-input":{"@type":"PropertyValueSpecification","valueRequired":true,"valueName":"search_term_string"}}],"inLanguage":"pt-BR"},{"@type":"Organization","@id":"https:\/\/programaareavip.com\/#organization","name":"Programa \u00c1rea Vip","url":"https:\/\/programaareavip.com\/","logo":{"@type":"ImageObject","inLanguage":"pt-BR","@id":"https:\/\/programaareavip.com\/#\/schema\/logo\/image\/","url":"https:\/\/programaareavip.com\/wp-content\/uploads\/2024\/10\/cropped-image0-1.jpeg","contentUrl":"https:\/\/programaareavip.com\/wp-content\/uploads\/2024\/10\/cropped-image0-1.jpeg","width":512,"height":512,"caption":"Programa \u00c1rea Vip"},"image":{"@id":"https:\/\/programaareavip.com\/#\/schema\/logo\/image\/"}},{"@type":"Person","@id":"https:\/\/programaareavip.com\/#\/schema\/person\/bf31a029ec20a102d7c5dfb6c92d1dc5","name":"Matheus Mattuvo","image":{"@type":"ImageObject","inLanguage":"pt-BR","@id":"https:\/\/secure.gravatar.com\/avatar\/160fd465491b28b353bd7049ac5a7f96a9766e4186ad78c29ac46f081d4aa7b5?s=96&d=mm&r=g","url":"https:\/\/secure.gravatar.com\/avatar\/160fd465491b28b353bd7049ac5a7f96a9766e4186ad78c29ac46f081d4aa7b5?s=96&d=mm&r=g","contentUrl":"https:\/\/secure.gravatar.com\/avatar\/160fd465491b28b353bd7049ac5a7f96a9766e4186ad78c29ac46f081d4aa7b5?s=96&d=mm&r=g","caption":"Matheus Mattuvo"},"sameAs":["https:\/\/programaareavip.com"],"url":"https:\/\/programaareavip.com\/?author=1"}]}},"_links":{"self":[{"href":"https:\/\/programaareavip.com\/index.php?rest_route=\/wp\/v2\/posts\/3516","targetHints":{"allow":["GET"]}}],"collection":[{"href":"https:\/\/programaareavip.com\/index.php?rest_route=\/wp\/v2\/posts"}],"about":[{"href":"https:\/\/programaareavip.com\/index.php?rest_route=\/wp\/v2\/types\/post"}],"author":[{"embeddable":true,"href":"https:\/\/programaareavip.com\/index.php?rest_route=\/wp\/v2\/users\/1"}],"replies":[{"embeddable":true,"href":"https:\/\/programaareavip.com\/index.php?rest_route=%2Fwp%2Fv2%2Fcomments&post=3516"}],"version-history":[{"count":1,"href":"https:\/\/programaareavip.com\/index.php?rest_route=\/wp\/v2\/posts\/3516\/revisions"}],"predecessor-version":[{"id":3517,"href":"https:\/\/programaareavip.com\/index.php?rest_route=\/wp\/v2\/posts\/3516\/revisions\/3517"}],"wp:featuredmedia":[{"embeddable":true,"href":"https:\/\/programaareavip.com\/index.php?rest_route=\/wp\/v2\/media\/3515"}],"wp:attachment":[{"href":"https:\/\/programaareavip.com\/index.php?rest_route=%2Fwp%2Fv2%2Fmedia&parent=3516"}],"wp:term":[{"taxonomy":"category","embeddable":true,"href":"https:\/\/programaareavip.com\/index.php?rest_route=%2Fwp%2Fv2%2Fcategories&post=3516"},{"taxonomy":"post_tag","embeddable":true,"href":"https:\/\/programaareavip.com\/index.php?rest_route=%2Fwp%2Fv2%2Ftags&post=3516"}],"curies":[{"name":"wp","href":"https:\/\/api.w.org\/{rel}","templated":true}]}}