{"id":3513,"date":"2026-04-30T01:39:30","date_gmt":"2026-04-30T01:39:30","guid":{"rendered":"https:\/\/programaareavip.com\/?p=3513"},"modified":"2026-04-30T01:39:30","modified_gmt":"2026-04-30T01:39:30","slug":"tilia-anuncia-segunda-edicao-da-label-ritimin-com-participacao-de-wiu","status":"publish","type":"post","link":"https:\/\/programaareavip.com\/?p=3513","title":{"rendered":"T\u00edlia anuncia segunda edi\u00e7\u00e3o da label RiT\u00edmin com participa\u00e7\u00e3o de WIU"},"content":{"rendered":"\n<figure class=\"wp-block-table\"><table class=\"has-fixed-layout\"><tbody><tr><td class=\"has-text-align-center\" data-align=\"center\">Ap\u00f3s tr\u00eas datas esgotadas no ver\u00e3o, projeto retorna ao Rio de Janeiro na pr\u00f3xima quinta-feira (30)\u00a0<\/td><\/tr><\/tbody><\/table><\/figure>\n\n\n\n<figure class=\"wp-block-table\"><table class=\"has-fixed-layout\"><tbody><tr><td class=\"has-text-align-center\" data-align=\"center\"><img decoding=\"async\" alt=\"\" src=\"https:\/\/ci3.googleusercontent.com\/meips\/ADKq_NZ3FLkji906u68r4oEbqjJXNJ7gSZfVLja9l7-9XatWNWzMREfpqE5hB7cN8fFpmCAf34uSZ40vFc9jpOZhAMIPkAWUyS6b3Cu2Cq-ZEiT7Ki9-QaVp7n7DK9pD2CUpVShTYh7LT_oIr7QJcSbfc8L2YMJWWQZhLD7tr8Bxyrbz3pSdMv3JZP6gRCLsrvrIVX-NecjfvcYh2WfvTzFxvShVje3IsQ2n6H3aH5BuB-U=s0-d-e1-ft#https:\/\/s3.us-east-1.wasabisys.com\/wasabi.cse360.com.br\/email-editor-files\/eceaed77-dbad-44a2-592c-08ddf7819d92\/3c8143bb-5be3-4c9d-922c-a83756ec48e4.jpg\" width=\"584\" height=\"auto\"><em>Cr\u00e9ditos: @OFLASHWILL &#8211; Fotos em alta\u00a0<\/em><a href=\"https:\/\/click.knewin360.com\/Click\/click\/eyJhbGciOiJIUzI1NiIsInR5cCI6IkpXVCJ9.eyJjYW1wYWlnbklkIjoiYzNlMjcxMGQtYzNmOC00OWM3LTc4ODUtMDhkZTllZTczMTMyIiwicGVyc29uSWQiOiI0NDBlNjY1Mi05NjJkLTRkYzktYTJjYi03NDhjZjA5MjE1ZDAiLCJlbWFpbCI6InByb2dyYW1hY2FtYXJvdGVAZ21haWwuY29tIiwidXJsIjoiaHR0cHM6Ly9kcml2ZS5nb29nbGUuY29tL2RyaXZlL2ZvbGRlcnMvMXkyTERnV2RSV0stV2xTNnh2Wm9lYzFXOGN4ZDBVRi0xP3VzcD1zaGFyaW5nIiwiaXNTZWdtZW50YXRpb24iOiJGYWxzZSIsIm5iZiI6MTc3Njg4MTgwNywiZXhwIjoxNzc5NDczODA3LCJpYXQiOjE3NzY4ODE4MDd9.wN8zY-CQeqmp0ZICuIULTZSWB7owAB4_GTmJ59He7YA\" rel=\"noreferrer noopener\" target=\"_blank\"><em>AQUI<\/em><\/a><em>\u00a0<\/em><\/td><\/tr><\/tbody><\/table><\/figure>\n\n\n\n<figure class=\"wp-block-table\"><table class=\"has-fixed-layout\"><tbody><tr><td class=\"has-text-align-center\" data-align=\"center\">A cantora\u00a0<strong>T\u00edlia<\/strong>\u00a0confirmou a segunda edi\u00e7\u00e3o da sua label\u00a0<strong>RiT\u00edmin ,<\/strong>\u00a0que j\u00e1 tem data marcada para voltar ao Rio de Janeiro. O evento acontece no dia\u00a0<strong>30 de abril,<\/strong>\u00a0quinta-feira, v\u00e9spera de feriado, e promete repetir o sucesso da temporada de estreia, que registrou\u00a0<strong>tr\u00eas edi\u00e7\u00f5es consecutivas com ingressos esgotados<\/strong>durante o ver\u00e3o carioca.\nA atra\u00e7\u00e3o j\u00e1 confirmada \u00e9 o rapper\u00a0<strong>WIU,<\/strong>\u00a0um dos nomes em ascens\u00e3o no trap nacional, que se apresenta ao lado da cantora. A expectativa \u00e9 de um show in\u00e9dito, refor\u00e7ando a proposta do\u00a0<strong>RiT\u00edmin<\/strong>\u00a0de unir diferentes vertentes da\u00a0<strong>m\u00fasica urbana em uma mesma noite.<\/strong>\nDesta vez, o projeto ganha um novo cen\u00e1rio: o\u00a0<strong>Vista Jo\u00e1<\/strong>, na\u00a0<strong>Zona Sul<\/strong>\u00a0da capital carioca, conhecido pela vista privilegiada e integra\u00e7\u00e3o com a natureza. A proposta \u00e9 oferecer uma experi\u00eancia ainda mais imersiva, com cenografia especial, surpresas ao longo da noite e mais um longset da artista.\nA edi\u00e7\u00e3o tamb\u00e9m ter\u00e1 clima de celebra\u00e7\u00e3o. O evento acontece dois dias ap\u00f3s o\u00a0<strong>anivers\u00e1rio da anfitri\u00e3,<\/strong>\u00a0comemorado em 28 de abril, e deve trazer elementos especiais em alus\u00e3o \u00e0 data.\n<em>\u201cEssa segunda edi\u00e7\u00e3o do RiTimin representa uma evolu\u00e7\u00e3o do projeto. A gente quis trazer uma experi\u00eancia ainda mais inesquec\u00edvel, em um lugar especial do Rio, com uma energia \u00fanica e surpresas que v\u00e3o marcar essa noite. \u00c9 um momento muito importante pra mim, ainda mais por acontecer perto do meu anivers\u00e1rio\u201d<\/em>, disse\u00a0<strong>T\u00edlia.\u00a0<\/strong>\nA primeira edi\u00e7\u00e3o do projeto marcou uma estreia de grande impacto na cena musical carioca, com tr\u00eas quintas-feiras consecutivas esgotadas em fevereiro. O sucesso da primeira label da carreira da T\u00edlia ajudou a consolidar a est\u00e9tica e a proposta musical, reunindo um line-up de destaque que contou com nomes como<strong>\u00a0Dennis DJ, Pocah, L7nnon e Cat Dealers<\/strong>. Com mais de tr\u00eas horas de apresenta\u00e7\u00e3o, T\u00edlia comandou a pista em um set din\u00e2mico que mesclou seus hits, regrava\u00e7\u00f5es e transi\u00e7\u00f5es entre POP, funk e eletr\u00f4nico.\u00a0\nCom hist\u00f3rico de lota\u00e7\u00e3o m\u00e1xima, a nova edi\u00e7\u00e3o aposta em um\u00a0<strong>espa\u00e7o maior,\u00a0<\/strong>mantendo a proposta intimista e a identidade visual marcante que consolidaram o evento como um dos destaques da cena no ver\u00e3o do Rio.\n<strong>Servi\u00e7o<\/strong>\n<strong>Rit\u00edmin da T\u00edlia<\/strong><strong>Data:\u00a0<\/strong>30 de abril, quinta-feira, v\u00e9spera de feriado<strong>Local:<\/strong>\u00a0VISTA JO\u00c1 &#8211; Rio de Janeiro\u00a0<strong>Ingressos:<\/strong>\u00a0<a href=\"https:\/\/click.knewin360.com\/Click\/click\/eyJhbGciOiJIUzI1NiIsInR5cCI6IkpXVCJ9.eyJjYW1wYWlnbklkIjoiYzNlMjcxMGQtYzNmOC00OWM3LTc4ODUtMDhkZTllZTczMTMyIiwicGVyc29uSWQiOiI0NDBlNjY1Mi05NjJkLTRkYzktYTJjYi03NDhjZjA5MjE1ZDAiLCJlbWFpbCI6InByb2dyYW1hY2FtYXJvdGVAZ21haWwuY29tIiwidXJsIjoiaHR0cHM6Ly93d3cuaW5ncmVzc2UuY29tL3JpdGltaW4tZGEtdGlsaWEvIiwiaXNTZWdtZW50YXRpb24iOiJGYWxzZSIsIm5iZiI6MTc3Njg4MTgwNywiZXhwIjoxNzc5NDczODA3LCJpYXQiOjE3NzY4ODE4MDd9.fQw6wHQ4drYZY7aVlTrQoHFCucL-1BYCM-tzEmQnX4Y\" rel=\"noreferrer noopener\" target=\"_blank\">https:\/\/www.ingresse.com\/ritimin-da-tilia\/<\/a><strong>Mais informa\u00e7\u00f5es:<\/strong>\u00a0<a href=\"https:\/\/click.knewin360.com\/Click\/click\/eyJhbGciOiJIUzI1NiIsInR5cCI6IkpXVCJ9.eyJjYW1wYWlnbklkIjoiYzNlMjcxMGQtYzNmOC00OWM3LTc4ODUtMDhkZTllZTczMTMyIiwicGVyc29uSWQiOiI0NDBlNjY1Mi05NjJkLTRkYzktYTJjYi03NDhjZjA5MjE1ZDAiLCJlbWFpbCI6InByb2dyYW1hY2FtYXJvdGVAZ21haWwuY29tIiwidXJsIjoiaHR0cHM6Ly93d3cuaW5zdGFncmFtLmNvbS9yaXRpbWluX18vIiwiaXNTZWdtZW50YXRpb24iOiJGYWxzZSIsIm5iZiI6MTc3Njg4MTgwNywiZXhwIjoxNzc5NDczODA3LCJpYXQiOjE3NzY4ODE4MDd9.Dk9zfOwcg2jcRNyYM0fuWT1e_XKvhGUt-I0cV6bNX1s\" rel=\"noreferrer noopener\" target=\"_blank\">https:\/\/www.instagram.com\/ritimin__\/<\/a><\/td><\/tr><\/tbody><\/table><\/figure>\n","protected":false},"excerpt":{"rendered":"<p>Ap\u00f3s tr\u00eas datas esgotadas no ver\u00e3o, projeto retorna ao Rio de Janeiro na pr\u00f3xima quinta-feira (30)\u00a0 Cr\u00e9ditos: @OFLASHWILL \u2013 Fotos em alta\u00a0AQUI\u00a0 A cantora\u00a0T\u00edlia\u00a0confirmou a segunda edi\u00e7\u00e3o da sua label\u00a0RiT\u00edmin ,\u00a0que j\u00e1 tem data marcada para voltar ao Rio de Janeiro. O evento acontece no dia\u00a030 de abril,\u00a0quinta-feira, v\u00e9spera de feriado, e promete repetir o sucesso da temporada de estreia, que registrou\u00a0tr\u00eas edi\u00e7\u00f5es consecutivas com ingressos esgotadosdurante o ver\u00e3o carioca.A atra\u00e7\u00e3o j\u00e1 confirmada \u00e9 o rapper\u00a0WIU,\u00a0um dos nomes em ascens\u00e3o no trap nacional, que se apresenta ao lado da cantora. A expectativa \u00e9 de um show in\u00e9dito, refor\u00e7ando a proposta [\u2026]<\/p>\n","protected":false},"author":1,"featured_media":3512,"comment_status":"closed","ping_status":"open","sticky":false,"template":"","format":"standard","meta":{"footnotes":""},"categories":[135],"tags":[],"class_list":{"0":"post-3513","1":"post","2":"type-post","3":"status-publish","4":"format-standard","5":"has-post-thumbnail","7":"category-destaque"},"yoast_head":"<!-- This site is optimized with the Yoast SEO plugin v27.3 - https:\/\/yoast.com\/product\/yoast-seo-wordpress\/ -->\n<title>T\u00edlia anuncia segunda edi\u00e7\u00e3o da label RiT\u00edmin com participa\u00e7\u00e3o de WIU<\/title>\n<meta name=\"robots\" content=\"index, follow, max-snippet:-1, max-image-preview:large, max-video-preview:-1\" \/>\n<link rel=\"canonical\" href=\"https:\/\/programaareavip.com\/?p=3513\" \/>\n<meta property=\"og:locale\" content=\"pt_BR\" \/>\n<meta property=\"og:type\" content=\"article\" \/>\n<meta property=\"og:title\" content=\"T\u00edlia anuncia segunda edi\u00e7\u00e3o da label RiT\u00edmin com participa\u00e7\u00e3o de WIU\" \/>\n<meta property=\"og:description\" content=\"Ap\u00f3s tr\u00eas datas esgotadas no ver\u00e3o, projeto retorna ao Rio de Janeiro na pr\u00f3xima quinta-feira (30)\u00a0 Cr\u00e9ditos: @OFLASHWILL \u2013 Fotos em alta\u00a0AQUI\u00a0 A cantora\u00a0T\u00edlia\u00a0confirmou a segunda edi\u00e7\u00e3o da sua label\u00a0RiT\u00edmin ,\u00a0que j\u00e1 tem data marcada para voltar ao Rio de Janeiro. O evento acontece no dia\u00a030 de abril,\u00a0quinta-feira, v\u00e9spera de feriado, e promete repetir o sucesso da temporada de estreia, que registrou\u00a0tr\u00eas edi\u00e7\u00f5es consecutivas com ingressos esgotadosdurante o ver\u00e3o carioca.A atra\u00e7\u00e3o j\u00e1 confirmada \u00e9 o rapper\u00a0WIU,\u00a0um dos nomes em ascens\u00e3o no trap nacional, que se apresenta ao lado da cantora. A expectativa \u00e9 de um show in\u00e9dito, refor\u00e7ando a proposta [\u2026]\" \/>\n<meta property=\"og:url\" content=\"https:\/\/programaareavip.com\/?p=3513\" \/>\n<meta property=\"og:site_name\" content=\"Programa \u00c1rea Vip\" \/>\n<meta property=\"article:published_time\" content=\"2026-04-30T01:39:30+00:00\" \/>\n<meta property=\"og:image\" content=\"https:\/\/programaareavip.com\/wp-content\/uploads\/2026\/04\/IMG_0384.jpeg\" \/>\n\t<meta property=\"og:image:width\" content=\"1213\" \/>\n\t<meta property=\"og:image:height\" content=\"832\" \/>\n\t<meta property=\"og:image:type\" content=\"image\/jpeg\" \/>\n<meta name=\"author\" content=\"Matheus Mattuvo\" \/>\n<meta name=\"twitter:card\" content=\"summary_large_image\" \/>\n<meta name=\"twitter:label1\" content=\"Escrito por\" \/>\n\t<meta name=\"twitter:data1\" content=\"Matheus Mattuvo\" \/>\n\t<meta name=\"twitter:label2\" content=\"Est. tempo de leitura\" \/>\n\t<meta name=\"twitter:data2\" content=\"2 minutos\" \/>\n<script type=\"application\/ld+json\" class=\"yoast-schema-graph\">{\"@context\":\"https:\\\/\\\/schema.org\",\"@graph\":[{\"@type\":\"Article\",\"@id\":\"https:\\\/\\\/programaareavip.com\\\/?p=3513#article\",\"isPartOf\":{\"@id\":\"https:\\\/\\\/programaareavip.com\\\/?p=3513\"},\"author\":{\"name\":\"Matheus Mattuvo\",\"@id\":\"https:\\\/\\\/programaareavip.com\\\/#\\\/schema\\\/person\\\/bf31a029ec20a102d7c5dfb6c92d1dc5\"},\"headline\":\"T\u00edlia anuncia segunda edi\u00e7\u00e3o da label RiT\u00edmin com participa\u00e7\u00e3o de WIU\",\"datePublished\":\"2026-04-30T01:39:30+00:00\",\"mainEntityOfPage\":{\"@id\":\"https:\\\/\\\/programaareavip.com\\\/?p=3513\"},\"wordCount\":470,\"publisher\":{\"@id\":\"https:\\\/\\\/programaareavip.com\\\/#organization\"},\"image\":{\"@id\":\"https:\\\/\\\/programaareavip.com\\\/?p=3513#primaryimage\"},\"thumbnailUrl\":\"https:\\\/\\\/programaareavip.com\\\/wp-content\\\/uploads\\\/2026\\\/04\\\/IMG_0384.jpeg\",\"articleSection\":[\"Destaque\"],\"inLanguage\":\"pt-BR\"},{\"@type\":\"WebPage\",\"@id\":\"https:\\\/\\\/programaareavip.com\\\/?p=3513\",\"url\":\"https:\\\/\\\/programaareavip.com\\\/?p=3513\",\"name\":\"T\u00edlia anuncia segunda edi\u00e7\u00e3o da label RiT\u00edmin com participa\u00e7\u00e3o de WIU\",\"isPartOf\":{\"@id\":\"https:\\\/\\\/programaareavip.com\\\/#website\"},\"primaryImageOfPage\":{\"@id\":\"https:\\\/\\\/programaareavip.com\\\/?p=3513#primaryimage\"},\"image\":{\"@id\":\"https:\\\/\\\/programaareavip.com\\\/?p=3513#primaryimage\"},\"thumbnailUrl\":\"https:\\\/\\\/programaareavip.com\\\/wp-content\\\/uploads\\\/2026\\\/04\\\/IMG_0384.jpeg\",\"datePublished\":\"2026-04-30T01:39:30+00:00\",\"breadcrumb\":{\"@id\":\"https:\\\/\\\/programaareavip.com\\\/?p=3513#breadcrumb\"},\"inLanguage\":\"pt-BR\",\"potentialAction\":[{\"@type\":\"ReadAction\",\"target\":[\"https:\\\/\\\/programaareavip.com\\\/?p=3513\"]}]},{\"@type\":\"ImageObject\",\"inLanguage\":\"pt-BR\",\"@id\":\"https:\\\/\\\/programaareavip.com\\\/?p=3513#primaryimage\",\"url\":\"https:\\\/\\\/programaareavip.com\\\/wp-content\\\/uploads\\\/2026\\\/04\\\/IMG_0384.jpeg\",\"contentUrl\":\"https:\\\/\\\/programaareavip.com\\\/wp-content\\\/uploads\\\/2026\\\/04\\\/IMG_0384.jpeg\",\"width\":1213,\"height\":832},{\"@type\":\"BreadcrumbList\",\"@id\":\"https:\\\/\\\/programaareavip.com\\\/?p=3513#breadcrumb\",\"itemListElement\":[{\"@type\":\"ListItem\",\"position\":1,\"name\":\"In\u00edcio\",\"item\":\"https:\\\/\\\/programaareavip.com\\\/\"},{\"@type\":\"ListItem\",\"position\":2,\"name\":\"T\u00edlia anuncia segunda edi\u00e7\u00e3o da label RiT\u00edmin com participa\u00e7\u00e3o de WIU\"}]},{\"@type\":\"WebSite\",\"@id\":\"https:\\\/\\\/programaareavip.com\\\/#website\",\"url\":\"https:\\\/\\\/programaareavip.com\\\/\",\"name\":\"Programa \u00c1rea Vip\",\"description\":\"Not\u00edcias na palma da sua m\u00e3o\",\"publisher\":{\"@id\":\"https:\\\/\\\/programaareavip.com\\\/#organization\"},\"potentialAction\":[{\"@type\":\"SearchAction\",\"target\":{\"@type\":\"EntryPoint\",\"urlTemplate\":\"https:\\\/\\\/programaareavip.com\\\/?s={search_term_string}\"},\"query-input\":{\"@type\":\"PropertyValueSpecification\",\"valueRequired\":true,\"valueName\":\"search_term_string\"}}],\"inLanguage\":\"pt-BR\"},{\"@type\":\"Organization\",\"@id\":\"https:\\\/\\\/programaareavip.com\\\/#organization\",\"name\":\"Programa \u00c1rea Vip\",\"url\":\"https:\\\/\\\/programaareavip.com\\\/\",\"logo\":{\"@type\":\"ImageObject\",\"inLanguage\":\"pt-BR\",\"@id\":\"https:\\\/\\\/programaareavip.com\\\/#\\\/schema\\\/logo\\\/image\\\/\",\"url\":\"https:\\\/\\\/programaareavip.com\\\/wp-content\\\/uploads\\\/2024\\\/10\\\/cropped-image0-1.jpeg\",\"contentUrl\":\"https:\\\/\\\/programaareavip.com\\\/wp-content\\\/uploads\\\/2024\\\/10\\\/cropped-image0-1.jpeg\",\"width\":512,\"height\":512,\"caption\":\"Programa \u00c1rea Vip\"},\"image\":{\"@id\":\"https:\\\/\\\/programaareavip.com\\\/#\\\/schema\\\/logo\\\/image\\\/\"}},{\"@type\":\"Person\",\"@id\":\"https:\\\/\\\/programaareavip.com\\\/#\\\/schema\\\/person\\\/bf31a029ec20a102d7c5dfb6c92d1dc5\",\"name\":\"Matheus Mattuvo\",\"image\":{\"@type\":\"ImageObject\",\"inLanguage\":\"pt-BR\",\"@id\":\"https:\\\/\\\/secure.gravatar.com\\\/avatar\\\/160fd465491b28b353bd7049ac5a7f96a9766e4186ad78c29ac46f081d4aa7b5?s=96&d=mm&r=g\",\"url\":\"https:\\\/\\\/secure.gravatar.com\\\/avatar\\\/160fd465491b28b353bd7049ac5a7f96a9766e4186ad78c29ac46f081d4aa7b5?s=96&d=mm&r=g\",\"contentUrl\":\"https:\\\/\\\/secure.gravatar.com\\\/avatar\\\/160fd465491b28b353bd7049ac5a7f96a9766e4186ad78c29ac46f081d4aa7b5?s=96&d=mm&r=g\",\"caption\":\"Matheus Mattuvo\"},\"sameAs\":[\"https:\\\/\\\/programaareavip.com\"],\"url\":\"https:\\\/\\\/programaareavip.com\\\/?author=1\"}]}<\/script>\n<!-- \/ Yoast SEO plugin. -->","yoast_head_json":{"title":"T\u00edlia anuncia segunda edi\u00e7\u00e3o da label RiT\u00edmin com participa\u00e7\u00e3o de WIU","robots":{"index":"index","follow":"follow","max-snippet":"max-snippet:-1","max-image-preview":"max-image-preview:large","max-video-preview":"max-video-preview:-1"},"canonical":"https:\/\/programaareavip.com\/?p=3513","og_locale":"pt_BR","og_type":"article","og_title":"T\u00edlia anuncia segunda edi\u00e7\u00e3o da label RiT\u00edmin com participa\u00e7\u00e3o de WIU","og_description":"Ap\u00f3s tr\u00eas datas esgotadas no ver\u00e3o, projeto retorna ao Rio de Janeiro na pr\u00f3xima quinta-feira (30)\u00a0 Cr\u00e9ditos: @OFLASHWILL \u2013 Fotos em alta\u00a0AQUI\u00a0 A cantora\u00a0T\u00edlia\u00a0confirmou a segunda edi\u00e7\u00e3o da sua label\u00a0RiT\u00edmin ,\u00a0que j\u00e1 tem data marcada para voltar ao Rio de Janeiro. O evento acontece no dia\u00a030 de abril,\u00a0quinta-feira, v\u00e9spera de feriado, e promete repetir o sucesso da temporada de estreia, que registrou\u00a0tr\u00eas edi\u00e7\u00f5es consecutivas com ingressos esgotadosdurante o ver\u00e3o carioca.A atra\u00e7\u00e3o j\u00e1 confirmada \u00e9 o rapper\u00a0WIU,\u00a0um dos nomes em ascens\u00e3o no trap nacional, que se apresenta ao lado da cantora. A expectativa \u00e9 de um show in\u00e9dito, refor\u00e7ando a proposta [\u2026]","og_url":"https:\/\/programaareavip.com\/?p=3513","og_site_name":"Programa \u00c1rea Vip","article_published_time":"2026-04-30T01:39:30+00:00","og_image":[{"width":1213,"height":832,"url":"https:\/\/programaareavip.com\/wp-content\/uploads\/2026\/04\/IMG_0384.jpeg","type":"image\/jpeg"}],"author":"Matheus Mattuvo","twitter_card":"summary_large_image","twitter_misc":{"Escrito por":"Matheus Mattuvo","Est. tempo de leitura":"2 minutos"},"schema":{"@context":"https:\/\/schema.org","@graph":[{"@type":"Article","@id":"https:\/\/programaareavip.com\/?p=3513#article","isPartOf":{"@id":"https:\/\/programaareavip.com\/?p=3513"},"author":{"name":"Matheus Mattuvo","@id":"https:\/\/programaareavip.com\/#\/schema\/person\/bf31a029ec20a102d7c5dfb6c92d1dc5"},"headline":"T\u00edlia anuncia segunda edi\u00e7\u00e3o da label RiT\u00edmin com participa\u00e7\u00e3o de WIU","datePublished":"2026-04-30T01:39:30+00:00","mainEntityOfPage":{"@id":"https:\/\/programaareavip.com\/?p=3513"},"wordCount":470,"publisher":{"@id":"https:\/\/programaareavip.com\/#organization"},"image":{"@id":"https:\/\/programaareavip.com\/?p=3513#primaryimage"},"thumbnailUrl":"https:\/\/programaareavip.com\/wp-content\/uploads\/2026\/04\/IMG_0384.jpeg","articleSection":["Destaque"],"inLanguage":"pt-BR"},{"@type":"WebPage","@id":"https:\/\/programaareavip.com\/?p=3513","url":"https:\/\/programaareavip.com\/?p=3513","name":"T\u00edlia anuncia segunda edi\u00e7\u00e3o da label RiT\u00edmin com participa\u00e7\u00e3o de WIU","isPartOf":{"@id":"https:\/\/programaareavip.com\/#website"},"primaryImageOfPage":{"@id":"https:\/\/programaareavip.com\/?p=3513#primaryimage"},"image":{"@id":"https:\/\/programaareavip.com\/?p=3513#primaryimage"},"thumbnailUrl":"https:\/\/programaareavip.com\/wp-content\/uploads\/2026\/04\/IMG_0384.jpeg","datePublished":"2026-04-30T01:39:30+00:00","breadcrumb":{"@id":"https:\/\/programaareavip.com\/?p=3513#breadcrumb"},"inLanguage":"pt-BR","potentialAction":[{"@type":"ReadAction","target":["https:\/\/programaareavip.com\/?p=3513"]}]},{"@type":"ImageObject","inLanguage":"pt-BR","@id":"https:\/\/programaareavip.com\/?p=3513#primaryimage","url":"https:\/\/programaareavip.com\/wp-content\/uploads\/2026\/04\/IMG_0384.jpeg","contentUrl":"https:\/\/programaareavip.com\/wp-content\/uploads\/2026\/04\/IMG_0384.jpeg","width":1213,"height":832},{"@type":"BreadcrumbList","@id":"https:\/\/programaareavip.com\/?p=3513#breadcrumb","itemListElement":[{"@type":"ListItem","position":1,"name":"In\u00edcio","item":"https:\/\/programaareavip.com\/"},{"@type":"ListItem","position":2,"name":"T\u00edlia anuncia segunda edi\u00e7\u00e3o da label RiT\u00edmin com participa\u00e7\u00e3o de WIU"}]},{"@type":"WebSite","@id":"https:\/\/programaareavip.com\/#website","url":"https:\/\/programaareavip.com\/","name":"Programa \u00c1rea Vip","description":"Not\u00edcias na palma da sua m\u00e3o","publisher":{"@id":"https:\/\/programaareavip.com\/#organization"},"potentialAction":[{"@type":"SearchAction","target":{"@type":"EntryPoint","urlTemplate":"https:\/\/programaareavip.com\/?s={search_term_string}"},"query-input":{"@type":"PropertyValueSpecification","valueRequired":true,"valueName":"search_term_string"}}],"inLanguage":"pt-BR"},{"@type":"Organization","@id":"https:\/\/programaareavip.com\/#organization","name":"Programa \u00c1rea Vip","url":"https:\/\/programaareavip.com\/","logo":{"@type":"ImageObject","inLanguage":"pt-BR","@id":"https:\/\/programaareavip.com\/#\/schema\/logo\/image\/","url":"https:\/\/programaareavip.com\/wp-content\/uploads\/2024\/10\/cropped-image0-1.jpeg","contentUrl":"https:\/\/programaareavip.com\/wp-content\/uploads\/2024\/10\/cropped-image0-1.jpeg","width":512,"height":512,"caption":"Programa \u00c1rea Vip"},"image":{"@id":"https:\/\/programaareavip.com\/#\/schema\/logo\/image\/"}},{"@type":"Person","@id":"https:\/\/programaareavip.com\/#\/schema\/person\/bf31a029ec20a102d7c5dfb6c92d1dc5","name":"Matheus Mattuvo","image":{"@type":"ImageObject","inLanguage":"pt-BR","@id":"https:\/\/secure.gravatar.com\/avatar\/160fd465491b28b353bd7049ac5a7f96a9766e4186ad78c29ac46f081d4aa7b5?s=96&d=mm&r=g","url":"https:\/\/secure.gravatar.com\/avatar\/160fd465491b28b353bd7049ac5a7f96a9766e4186ad78c29ac46f081d4aa7b5?s=96&d=mm&r=g","contentUrl":"https:\/\/secure.gravatar.com\/avatar\/160fd465491b28b353bd7049ac5a7f96a9766e4186ad78c29ac46f081d4aa7b5?s=96&d=mm&r=g","caption":"Matheus Mattuvo"},"sameAs":["https:\/\/programaareavip.com"],"url":"https:\/\/programaareavip.com\/?author=1"}]}},"_links":{"self":[{"href":"https:\/\/programaareavip.com\/index.php?rest_route=\/wp\/v2\/posts\/3513","targetHints":{"allow":["GET"]}}],"collection":[{"href":"https:\/\/programaareavip.com\/index.php?rest_route=\/wp\/v2\/posts"}],"about":[{"href":"https:\/\/programaareavip.com\/index.php?rest_route=\/wp\/v2\/types\/post"}],"author":[{"embeddable":true,"href":"https:\/\/programaareavip.com\/index.php?rest_route=\/wp\/v2\/users\/1"}],"replies":[{"embeddable":true,"href":"https:\/\/programaareavip.com\/index.php?rest_route=%2Fwp%2Fv2%2Fcomments&post=3513"}],"version-history":[{"count":1,"href":"https:\/\/programaareavip.com\/index.php?rest_route=\/wp\/v2\/posts\/3513\/revisions"}],"predecessor-version":[{"id":3514,"href":"https:\/\/programaareavip.com\/index.php?rest_route=\/wp\/v2\/posts\/3513\/revisions\/3514"}],"wp:featuredmedia":[{"embeddable":true,"href":"https:\/\/programaareavip.com\/index.php?rest_route=\/wp\/v2\/media\/3512"}],"wp:attachment":[{"href":"https:\/\/programaareavip.com\/index.php?rest_route=%2Fwp%2Fv2%2Fmedia&parent=3513"}],"wp:term":[{"taxonomy":"category","embeddable":true,"href":"https:\/\/programaareavip.com\/index.php?rest_route=%2Fwp%2Fv2%2Fcategories&post=3513"},{"taxonomy":"post_tag","embeddable":true,"href":"https:\/\/programaareavip.com\/index.php?rest_route=%2Fwp%2Fv2%2Ftags&post=3513"}],"curies":[{"name":"wp","href":"https:\/\/api.w.org\/{rel}","templated":true}]}}