{"id":3507,"date":"2026-04-29T19:05:12","date_gmt":"2026-04-29T19:05:12","guid":{"rendered":"https:\/\/programaareavip.com\/?p=3507"},"modified":"2026-04-29T19:05:12","modified_gmt":"2026-04-29T19:05:12","slug":"ceo-da-ph-empreendimentos-recebe-titulo-internacional-e-reforca-estrategia-de-insercao-global-da-companhia","status":"publish","type":"post","link":"https:\/\/programaareavip.com\/?p=3507","title":{"rendered":"CEO da PH Empreendimentos recebe t\u00edtulo internacional e refor\u00e7a estrat\u00e9gia de inser\u00e7\u00e3o global da companhia"},"content":{"rendered":"\n<p>O CEO da PH Empreendimentos, Leandro Coradini, foi reconhecido como Diplomata Civil pela Jethro International, em cerim\u00f4nia realizada no dia 28 de abril de 2026, na Cidadela de Cascais, em Portugal. A distin\u00e7\u00e3o \u00e9 concedida a lideran\u00e7as com atua\u00e7\u00e3o relevante na promo\u00e7\u00e3o de conex\u00f5es institucionais e no desenvolvimento de iniciativas com alcance internacional.<\/p>\n\n\n\n<p>O reconhecimento ocorre em um momento de reposicionamento da companhia, que vem ampliando sua atua\u00e7\u00e3o para al\u00e9m do mercado nacional, com foco na constru\u00e7\u00e3o de parcerias estrat\u00e9gicas e na incorpora\u00e7\u00e3o de refer\u00eancias globais ao desenvolvimento de seus projetos.<\/p>\n\n\n<!-- wp:image \"id\":24415,\"sizeSlug\":\"large\",\"linkDestination\":\"none\" -->\n<figure class=\"wp-block-image size-large\"><img decoding=\"async\" src=\"https:\/\/programacamarote.com.br\/wp-content\/uploads\/2026\/04\/e3c5f5db-a620-45fd-a151-3d79bfb71a5d-1024x683.jpeg\" alt=\"\" class=\"wp-image-24415\"\/><\/figure>\n<!-- \/wp:post-content -->\n\n<!-- wp:paragraph -->\n<p>\u00c0 frente desse movimento, Coradini conduz uma reestrutura\u00e7\u00e3o interna que marca uma mudan\u00e7a de patamar operacional. \u201cEstamos vivendo um novo momento na PH Empreendimentos, marcado por uma evolu\u00e7\u00e3o estrutural e organizacional consistente. Avan\u00e7amos na profissionaliza\u00e7\u00e3o de \u00e1reas estrat\u00e9gicas como vendas, marketing, engenharia e finan\u00e7as, al\u00e9m de estruturarmos uma frente dedicada \u00e0 expans\u00e3o internacional. Esse movimento tamb\u00e9m nos levou a uma revis\u00e3o do nosso portf\u00f3lio de produtos e do landbank, sempre com o compromisso de trazer para Porto Belo refer\u00eancias e padr\u00f5es do que h\u00e1 de mais relevante no cen\u00e1rio global\u201d, afirma.<\/p>\n<!-- \/wp:paragraph -->\n\n<!-- wp:paragraph -->\n<p>A transforma\u00e7\u00e3o reflete uma agenda mais ampla de qualifica\u00e7\u00e3o da opera\u00e7\u00e3o, com foco em governan\u00e7a, especializa\u00e7\u00e3o e capacidade de execu\u00e7\u00e3o. Em um setor cada vez mais competitivo e orientado por experi\u00eancia, a ado\u00e7\u00e3o de refer\u00eancias internacionais passa a ser n\u00e3o apenas diferencial, mas requisito para projetos que buscam maior valor agregado.<\/p>\n<!-- \/wp:paragraph -->\n\n<!-- wp:paragraph -->\n<p>Nesse contexto, a nomea\u00e7\u00e3o como Diplomata Civil amplia o campo de relacionamento institucional da empresa e cria novas possibilidades de interlocu\u00e7\u00e3o com agentes e organiza\u00e7\u00f5es inseridos em din\u00e2micas globais de desenvolvimento.<\/p>\n<!-- \/wp:paragraph -->\n\n<!-- wp:image \"id\":24416,\"sizeSlug\":\"large\",\"linkDestination\":\"none\" -->\n<figure class=\"wp-block-image size-large\"><img decoding=\"async\" src=\"https:\/\/programacamarote.com.br\/wp-content\/uploads\/2026\/04\/c77bddcf-611d-4e76-960b-5677912ccec5-1024x683.jpeg\" alt=\"\" class=\"wp-image-24416\"\/><\/figure>\n<!-- \/wp:image -->\n\n<!-- wp:paragraph -->\n<p>O movimento tamb\u00e9m sustenta o pr\u00f3ximo ciclo da PH Empreendimentos, que prepara o lan\u00e7amento do maior projeto de seu portf\u00f3lio, com in\u00edcio de obras previsto para o pr\u00f3ximo semestre. A estrat\u00e9gia indica um avan\u00e7o estruturado, baseado em vis\u00e3o de longo prazo e na capacidade de traduzir tend\u00eancias internacionais em solu\u00e7\u00f5es aderentes ao mercado local.<\/p>\n<!-- \/wp:paragraph -->\n\n<!-- wp:paragraph -->\n<p><\/p>\n<!-- \/wp:paragraph -->","protected":false},"excerpt":{"rendered":"<p>O CEO da PH Empreendimentos, Leandro Coradini, foi reconhecido como Diplomata Civil pela Jethro International, em cerim\u00f4nia realizada no dia 28 de abril de 2026, na Cidadela de Cascais, em Portugal. A distin\u00e7\u00e3o \u00e9 concedida a lideran\u00e7as com atua\u00e7\u00e3o relevante na promo\u00e7\u00e3o de conex\u00f5es institucionais e no desenvolvimento de iniciativas com alcance internacional. O reconhecimento ocorre em um momento de reposicionamento da companhia, que vem ampliando sua atua\u00e7\u00e3o para al\u00e9m do mercado nacional, com foco na constru\u00e7\u00e3o de parcerias estrat\u00e9gicas e na incorpora\u00e7\u00e3o de refer\u00eancias globais ao desenvolvimento de seus projetos. \u00c0 frente desse movimento, Coradini conduz uma reestrutura\u00e7\u00e3o interna [\u2026]<\/p>\n","protected":false},"author":1,"featured_media":3506,"comment_status":"closed","ping_status":"open","sticky":false,"template":"","format":"standard","meta":{"footnotes":""},"categories":[135],"tags":[],"class_list":{"0":"post-3507","1":"post","2":"type-post","3":"status-publish","4":"format-standard","5":"has-post-thumbnail","7":"category-destaque"},"yoast_head":"<!-- This site is optimized with the Yoast SEO plugin v27.3 - https:\/\/yoast.com\/product\/yoast-seo-wordpress\/ -->\n<title>CEO da PH Empreendimentos recebe t\u00edtulo internacional e refor\u00e7a estrat\u00e9gia de inser\u00e7\u00e3o global da companhia<\/title>\n<meta name=\"robots\" content=\"index, follow, max-snippet:-1, max-image-preview:large, max-video-preview:-1\" \/>\n<link rel=\"canonical\" href=\"https:\/\/programaareavip.com\/?p=3507\" \/>\n<meta property=\"og:locale\" content=\"pt_BR\" \/>\n<meta property=\"og:type\" content=\"article\" \/>\n<meta property=\"og:title\" content=\"CEO da PH Empreendimentos recebe t\u00edtulo internacional e refor\u00e7a estrat\u00e9gia de inser\u00e7\u00e3o global da companhia\" \/>\n<meta property=\"og:description\" content=\"O CEO da PH Empreendimentos, Leandro Coradini, foi reconhecido como Diplomata Civil pela Jethro International, em cerim\u00f4nia realizada no dia 28 de abril de 2026, na Cidadela de Cascais, em Portugal. A distin\u00e7\u00e3o \u00e9 concedida a lideran\u00e7as com atua\u00e7\u00e3o relevante na promo\u00e7\u00e3o de conex\u00f5es institucionais e no desenvolvimento de iniciativas com alcance internacional. O reconhecimento ocorre em um momento de reposicionamento da companhia, que vem ampliando sua atua\u00e7\u00e3o para al\u00e9m do mercado nacional, com foco na constru\u00e7\u00e3o de parcerias estrat\u00e9gicas e na incorpora\u00e7\u00e3o de refer\u00eancias globais ao desenvolvimento de seus projetos. \u00c0 frente desse movimento, Coradini conduz uma reestrutura\u00e7\u00e3o interna [\u2026]\" \/>\n<meta property=\"og:url\" content=\"https:\/\/programaareavip.com\/?p=3507\" \/>\n<meta property=\"og:site_name\" content=\"Programa \u00c1rea Vip\" \/>\n<meta property=\"article:published_time\" content=\"2026-04-29T19:05:12+00:00\" \/>\n<meta property=\"og:image\" content=\"https:\/\/programaareavip.com\/wp-content\/uploads\/2026\/04\/c77bddcf-611d-4e76-960b-5677912ccec5.jpeg\" \/>\n\t<meta property=\"og:image:width\" content=\"1280\" \/>\n\t<meta property=\"og:image:height\" content=\"854\" \/>\n\t<meta property=\"og:image:type\" content=\"image\/jpeg\" \/>\n<meta name=\"author\" content=\"Matheus Mattuvo\" \/>\n<meta name=\"twitter:card\" content=\"summary_large_image\" \/>\n<meta name=\"twitter:label1\" content=\"Escrito por\" \/>\n\t<meta name=\"twitter:data1\" content=\"Matheus Mattuvo\" \/>\n\t<meta name=\"twitter:label2\" content=\"Est. tempo de leitura\" \/>\n\t<meta name=\"twitter:data2\" content=\"2 minutos\" \/>\n<script type=\"application\/ld+json\" class=\"yoast-schema-graph\">{\"@context\":\"https:\\\/\\\/schema.org\",\"@graph\":[{\"@type\":\"Article\",\"@id\":\"https:\\\/\\\/programaareavip.com\\\/?p=3507#article\",\"isPartOf\":{\"@id\":\"https:\\\/\\\/programaareavip.com\\\/?p=3507\"},\"author\":{\"name\":\"Matheus Mattuvo\",\"@id\":\"https:\\\/\\\/programaareavip.com\\\/#\\\/schema\\\/person\\\/bf31a029ec20a102d7c5dfb6c92d1dc5\"},\"headline\":\"CEO da PH Empreendimentos recebe t\u00edtulo internacional e refor\u00e7a estrat\u00e9gia de inser\u00e7\u00e3o global da companhia\",\"datePublished\":\"2026-04-29T19:05:12+00:00\",\"mainEntityOfPage\":{\"@id\":\"https:\\\/\\\/programaareavip.com\\\/?p=3507\"},\"wordCount\":384,\"publisher\":{\"@id\":\"https:\\\/\\\/programaareavip.com\\\/#organization\"},\"image\":{\"@id\":\"https:\\\/\\\/programaareavip.com\\\/?p=3507#primaryimage\"},\"thumbnailUrl\":\"https:\\\/\\\/programaareavip.com\\\/wp-content\\\/uploads\\\/2026\\\/04\\\/c77bddcf-611d-4e76-960b-5677912ccec5.jpeg\",\"articleSection\":[\"Destaque\"],\"inLanguage\":\"pt-BR\"},{\"@type\":\"WebPage\",\"@id\":\"https:\\\/\\\/programaareavip.com\\\/?p=3507\",\"url\":\"https:\\\/\\\/programaareavip.com\\\/?p=3507\",\"name\":\"CEO da PH Empreendimentos recebe t\u00edtulo internacional e refor\u00e7a estrat\u00e9gia de inser\u00e7\u00e3o global da companhia\",\"isPartOf\":{\"@id\":\"https:\\\/\\\/programaareavip.com\\\/#website\"},\"primaryImageOfPage\":{\"@id\":\"https:\\\/\\\/programaareavip.com\\\/?p=3507#primaryimage\"},\"image\":{\"@id\":\"https:\\\/\\\/programaareavip.com\\\/?p=3507#primaryimage\"},\"thumbnailUrl\":\"https:\\\/\\\/programaareavip.com\\\/wp-content\\\/uploads\\\/2026\\\/04\\\/c77bddcf-611d-4e76-960b-5677912ccec5.jpeg\",\"datePublished\":\"2026-04-29T19:05:12+00:00\",\"breadcrumb\":{\"@id\":\"https:\\\/\\\/programaareavip.com\\\/?p=3507#breadcrumb\"},\"inLanguage\":\"pt-BR\",\"potentialAction\":[{\"@type\":\"ReadAction\",\"target\":[\"https:\\\/\\\/programaareavip.com\\\/?p=3507\"]}]},{\"@type\":\"ImageObject\",\"inLanguage\":\"pt-BR\",\"@id\":\"https:\\\/\\\/programaareavip.com\\\/?p=3507#primaryimage\",\"url\":\"https:\\\/\\\/programaareavip.com\\\/wp-content\\\/uploads\\\/2026\\\/04\\\/c77bddcf-611d-4e76-960b-5677912ccec5.jpeg\",\"contentUrl\":\"https:\\\/\\\/programaareavip.com\\\/wp-content\\\/uploads\\\/2026\\\/04\\\/c77bddcf-611d-4e76-960b-5677912ccec5.jpeg\",\"width\":1280,\"height\":854},{\"@type\":\"BreadcrumbList\",\"@id\":\"https:\\\/\\\/programaareavip.com\\\/?p=3507#breadcrumb\",\"itemListElement\":[{\"@type\":\"ListItem\",\"position\":1,\"name\":\"In\u00edcio\",\"item\":\"https:\\\/\\\/programaareavip.com\\\/\"},{\"@type\":\"ListItem\",\"position\":2,\"name\":\"CEO da PH Empreendimentos recebe t\u00edtulo internacional e refor\u00e7a estrat\u00e9gia de inser\u00e7\u00e3o global da companhia\"}]},{\"@type\":\"WebSite\",\"@id\":\"https:\\\/\\\/programaareavip.com\\\/#website\",\"url\":\"https:\\\/\\\/programaareavip.com\\\/\",\"name\":\"Programa \u00c1rea Vip\",\"description\":\"Not\u00edcias na palma da sua m\u00e3o\",\"publisher\":{\"@id\":\"https:\\\/\\\/programaareavip.com\\\/#organization\"},\"potentialAction\":[{\"@type\":\"SearchAction\",\"target\":{\"@type\":\"EntryPoint\",\"urlTemplate\":\"https:\\\/\\\/programaareavip.com\\\/?s={search_term_string}\"},\"query-input\":{\"@type\":\"PropertyValueSpecification\",\"valueRequired\":true,\"valueName\":\"search_term_string\"}}],\"inLanguage\":\"pt-BR\"},{\"@type\":\"Organization\",\"@id\":\"https:\\\/\\\/programaareavip.com\\\/#organization\",\"name\":\"Programa \u00c1rea Vip\",\"url\":\"https:\\\/\\\/programaareavip.com\\\/\",\"logo\":{\"@type\":\"ImageObject\",\"inLanguage\":\"pt-BR\",\"@id\":\"https:\\\/\\\/programaareavip.com\\\/#\\\/schema\\\/logo\\\/image\\\/\",\"url\":\"https:\\\/\\\/programaareavip.com\\\/wp-content\\\/uploads\\\/2024\\\/10\\\/cropped-image0-1.jpeg\",\"contentUrl\":\"https:\\\/\\\/programaareavip.com\\\/wp-content\\\/uploads\\\/2024\\\/10\\\/cropped-image0-1.jpeg\",\"width\":512,\"height\":512,\"caption\":\"Programa \u00c1rea Vip\"},\"image\":{\"@id\":\"https:\\\/\\\/programaareavip.com\\\/#\\\/schema\\\/logo\\\/image\\\/\"}},{\"@type\":\"Person\",\"@id\":\"https:\\\/\\\/programaareavip.com\\\/#\\\/schema\\\/person\\\/bf31a029ec20a102d7c5dfb6c92d1dc5\",\"name\":\"Matheus Mattuvo\",\"image\":{\"@type\":\"ImageObject\",\"inLanguage\":\"pt-BR\",\"@id\":\"https:\\\/\\\/secure.gravatar.com\\\/avatar\\\/160fd465491b28b353bd7049ac5a7f96a9766e4186ad78c29ac46f081d4aa7b5?s=96&d=mm&r=g\",\"url\":\"https:\\\/\\\/secure.gravatar.com\\\/avatar\\\/160fd465491b28b353bd7049ac5a7f96a9766e4186ad78c29ac46f081d4aa7b5?s=96&d=mm&r=g\",\"contentUrl\":\"https:\\\/\\\/secure.gravatar.com\\\/avatar\\\/160fd465491b28b353bd7049ac5a7f96a9766e4186ad78c29ac46f081d4aa7b5?s=96&d=mm&r=g\",\"caption\":\"Matheus Mattuvo\"},\"sameAs\":[\"https:\\\/\\\/programaareavip.com\"],\"url\":\"https:\\\/\\\/programaareavip.com\\\/?author=1\"}]}<\/script>\n<!-- \/ Yoast SEO plugin. -->","yoast_head_json":{"title":"CEO da PH Empreendimentos recebe t\u00edtulo internacional e refor\u00e7a estrat\u00e9gia de inser\u00e7\u00e3o global da companhia","robots":{"index":"index","follow":"follow","max-snippet":"max-snippet:-1","max-image-preview":"max-image-preview:large","max-video-preview":"max-video-preview:-1"},"canonical":"https:\/\/programaareavip.com\/?p=3507","og_locale":"pt_BR","og_type":"article","og_title":"CEO da PH Empreendimentos recebe t\u00edtulo internacional e refor\u00e7a estrat\u00e9gia de inser\u00e7\u00e3o global da companhia","og_description":"O CEO da PH Empreendimentos, Leandro Coradini, foi reconhecido como Diplomata Civil pela Jethro International, em cerim\u00f4nia realizada no dia 28 de abril de 2026, na Cidadela de Cascais, em Portugal. A distin\u00e7\u00e3o \u00e9 concedida a lideran\u00e7as com atua\u00e7\u00e3o relevante na promo\u00e7\u00e3o de conex\u00f5es institucionais e no desenvolvimento de iniciativas com alcance internacional. O reconhecimento ocorre em um momento de reposicionamento da companhia, que vem ampliando sua atua\u00e7\u00e3o para al\u00e9m do mercado nacional, com foco na constru\u00e7\u00e3o de parcerias estrat\u00e9gicas e na incorpora\u00e7\u00e3o de refer\u00eancias globais ao desenvolvimento de seus projetos. \u00c0 frente desse movimento, Coradini conduz uma reestrutura\u00e7\u00e3o interna [\u2026]","og_url":"https:\/\/programaareavip.com\/?p=3507","og_site_name":"Programa \u00c1rea Vip","article_published_time":"2026-04-29T19:05:12+00:00","og_image":[{"width":1280,"height":854,"url":"https:\/\/programaareavip.com\/wp-content\/uploads\/2026\/04\/c77bddcf-611d-4e76-960b-5677912ccec5.jpeg","type":"image\/jpeg"}],"author":"Matheus Mattuvo","twitter_card":"summary_large_image","twitter_misc":{"Escrito por":"Matheus Mattuvo","Est. tempo de leitura":"2 minutos"},"schema":{"@context":"https:\/\/schema.org","@graph":[{"@type":"Article","@id":"https:\/\/programaareavip.com\/?p=3507#article","isPartOf":{"@id":"https:\/\/programaareavip.com\/?p=3507"},"author":{"name":"Matheus Mattuvo","@id":"https:\/\/programaareavip.com\/#\/schema\/person\/bf31a029ec20a102d7c5dfb6c92d1dc5"},"headline":"CEO da PH Empreendimentos recebe t\u00edtulo internacional e refor\u00e7a estrat\u00e9gia de inser\u00e7\u00e3o global da companhia","datePublished":"2026-04-29T19:05:12+00:00","mainEntityOfPage":{"@id":"https:\/\/programaareavip.com\/?p=3507"},"wordCount":384,"publisher":{"@id":"https:\/\/programaareavip.com\/#organization"},"image":{"@id":"https:\/\/programaareavip.com\/?p=3507#primaryimage"},"thumbnailUrl":"https:\/\/programaareavip.com\/wp-content\/uploads\/2026\/04\/c77bddcf-611d-4e76-960b-5677912ccec5.jpeg","articleSection":["Destaque"],"inLanguage":"pt-BR"},{"@type":"WebPage","@id":"https:\/\/programaareavip.com\/?p=3507","url":"https:\/\/programaareavip.com\/?p=3507","name":"CEO da PH Empreendimentos recebe t\u00edtulo internacional e refor\u00e7a estrat\u00e9gia de inser\u00e7\u00e3o global da companhia","isPartOf":{"@id":"https:\/\/programaareavip.com\/#website"},"primaryImageOfPage":{"@id":"https:\/\/programaareavip.com\/?p=3507#primaryimage"},"image":{"@id":"https:\/\/programaareavip.com\/?p=3507#primaryimage"},"thumbnailUrl":"https:\/\/programaareavip.com\/wp-content\/uploads\/2026\/04\/c77bddcf-611d-4e76-960b-5677912ccec5.jpeg","datePublished":"2026-04-29T19:05:12+00:00","breadcrumb":{"@id":"https:\/\/programaareavip.com\/?p=3507#breadcrumb"},"inLanguage":"pt-BR","potentialAction":[{"@type":"ReadAction","target":["https:\/\/programaareavip.com\/?p=3507"]}]},{"@type":"ImageObject","inLanguage":"pt-BR","@id":"https:\/\/programaareavip.com\/?p=3507#primaryimage","url":"https:\/\/programaareavip.com\/wp-content\/uploads\/2026\/04\/c77bddcf-611d-4e76-960b-5677912ccec5.jpeg","contentUrl":"https:\/\/programaareavip.com\/wp-content\/uploads\/2026\/04\/c77bddcf-611d-4e76-960b-5677912ccec5.jpeg","width":1280,"height":854},{"@type":"BreadcrumbList","@id":"https:\/\/programaareavip.com\/?p=3507#breadcrumb","itemListElement":[{"@type":"ListItem","position":1,"name":"In\u00edcio","item":"https:\/\/programaareavip.com\/"},{"@type":"ListItem","position":2,"name":"CEO da PH Empreendimentos recebe t\u00edtulo internacional e refor\u00e7a estrat\u00e9gia de inser\u00e7\u00e3o global da companhia"}]},{"@type":"WebSite","@id":"https:\/\/programaareavip.com\/#website","url":"https:\/\/programaareavip.com\/","name":"Programa \u00c1rea Vip","description":"Not\u00edcias na palma da sua m\u00e3o","publisher":{"@id":"https:\/\/programaareavip.com\/#organization"},"potentialAction":[{"@type":"SearchAction","target":{"@type":"EntryPoint","urlTemplate":"https:\/\/programaareavip.com\/?s={search_term_string}"},"query-input":{"@type":"PropertyValueSpecification","valueRequired":true,"valueName":"search_term_string"}}],"inLanguage":"pt-BR"},{"@type":"Organization","@id":"https:\/\/programaareavip.com\/#organization","name":"Programa \u00c1rea Vip","url":"https:\/\/programaareavip.com\/","logo":{"@type":"ImageObject","inLanguage":"pt-BR","@id":"https:\/\/programaareavip.com\/#\/schema\/logo\/image\/","url":"https:\/\/programaareavip.com\/wp-content\/uploads\/2024\/10\/cropped-image0-1.jpeg","contentUrl":"https:\/\/programaareavip.com\/wp-content\/uploads\/2024\/10\/cropped-image0-1.jpeg","width":512,"height":512,"caption":"Programa \u00c1rea Vip"},"image":{"@id":"https:\/\/programaareavip.com\/#\/schema\/logo\/image\/"}},{"@type":"Person","@id":"https:\/\/programaareavip.com\/#\/schema\/person\/bf31a029ec20a102d7c5dfb6c92d1dc5","name":"Matheus Mattuvo","image":{"@type":"ImageObject","inLanguage":"pt-BR","@id":"https:\/\/secure.gravatar.com\/avatar\/160fd465491b28b353bd7049ac5a7f96a9766e4186ad78c29ac46f081d4aa7b5?s=96&d=mm&r=g","url":"https:\/\/secure.gravatar.com\/avatar\/160fd465491b28b353bd7049ac5a7f96a9766e4186ad78c29ac46f081d4aa7b5?s=96&d=mm&r=g","contentUrl":"https:\/\/secure.gravatar.com\/avatar\/160fd465491b28b353bd7049ac5a7f96a9766e4186ad78c29ac46f081d4aa7b5?s=96&d=mm&r=g","caption":"Matheus Mattuvo"},"sameAs":["https:\/\/programaareavip.com"],"url":"https:\/\/programaareavip.com\/?author=1"}]}},"_links":{"self":[{"href":"https:\/\/programaareavip.com\/index.php?rest_route=\/wp\/v2\/posts\/3507","targetHints":{"allow":["GET"]}}],"collection":[{"href":"https:\/\/programaareavip.com\/index.php?rest_route=\/wp\/v2\/posts"}],"about":[{"href":"https:\/\/programaareavip.com\/index.php?rest_route=\/wp\/v2\/types\/post"}],"author":[{"embeddable":true,"href":"https:\/\/programaareavip.com\/index.php?rest_route=\/wp\/v2\/users\/1"}],"replies":[{"embeddable":true,"href":"https:\/\/programaareavip.com\/index.php?rest_route=%2Fwp%2Fv2%2Fcomments&post=3507"}],"version-history":[{"count":1,"href":"https:\/\/programaareavip.com\/index.php?rest_route=\/wp\/v2\/posts\/3507\/revisions"}],"predecessor-version":[{"id":3508,"href":"https:\/\/programaareavip.com\/index.php?rest_route=\/wp\/v2\/posts\/3507\/revisions\/3508"}],"wp:featuredmedia":[{"embeddable":true,"href":"https:\/\/programaareavip.com\/index.php?rest_route=\/wp\/v2\/media\/3506"}],"wp:attachment":[{"href":"https:\/\/programaareavip.com\/index.php?rest_route=%2Fwp%2Fv2%2Fmedia&parent=3507"}],"wp:term":[{"taxonomy":"category","embeddable":true,"href":"https:\/\/programaareavip.com\/index.php?rest_route=%2Fwp%2Fv2%2Fcategories&post=3507"},{"taxonomy":"post_tag","embeddable":true,"href":"https:\/\/programaareavip.com\/index.php?rest_route=%2Fwp%2Fv2%2Ftags&post=3507"}],"curies":[{"name":"wp","href":"https:\/\/api.w.org\/{rel}","templated":true}]}}