{"id":3490,"date":"2026-04-28T18:51:26","date_gmt":"2026-04-28T18:51:26","guid":{"rendered":"https:\/\/programaareavip.com\/?p=3490"},"modified":"2026-04-28T18:51:26","modified_gmt":"2026-04-28T18:51:26","slug":"manifestacao-em-brasilia-pressiona-por-cpi-e-justica-no-caso-do-cao-orelha","status":"publish","type":"post","link":"https:\/\/programaareavip.com\/?p=3490","title":{"rendered":"Manifesta\u00e7\u00e3o em Bras\u00edlia pressiona por CPI e justi\u00e7a no caso do c\u00e3o Orelha"},"content":{"rendered":"\n<p><strong><em>Ato no dia 1\u00ba de maio, em frente ao Congresso Nacional, re\u00fane ativistas para cobrar a instaura\u00e7\u00e3o de CPI e denunciar a viol\u00eancia contra animais no Brasil<\/em><\/strong><\/p>\n\n\n\n<p><br>Uma mobiliza\u00e7\u00e3o nacional em defesa dos direitos dos animais est\u00e1 marcada para o pr\u00f3ximo dia 1\u00ba de maio, \u00e0s 11h, em frente ao Congresso Nacional, na Bras\u00edlia. <\/p>\n\n\n\n<p>Diferente de outros atos recentes, o foco principal desta manifesta\u00e7\u00e3o \u00e9 a cobran\u00e7a pela instaura\u00e7\u00e3o de uma Comiss\u00e3o Parlamentar de Inqu\u00e9rito (CPI) para investigar o caso do c\u00e3o comunit\u00e1rio Orelha, que gerou como\u00e7\u00e3o e indigna\u00e7\u00e3o em todo o pa\u00eds.<\/p>\n\n\n\n<p>Orelha, conhecido por circular livremente como c\u00e3o comunit\u00e1rio e ser cuidado por moradores, tornou-se s\u00edmbolo da luta contra os maus-tratos ap\u00f3s ser v\u00edtima de um epis\u00f3dio de viol\u00eancia que levantou questionamentos sobre a apura\u00e7\u00e3o dos fatos e a responsabiliza\u00e7\u00e3o dos envolvidos. O caso ganhou repercuss\u00e3o nacional e passou a representar, para ativistas, a fragilidade na puni\u00e7\u00e3o de crimes contra animais no Brasil.<\/p>\n\n\n\n<figure class=\"wp-block-image size-large\"><img loading=\"lazy\" decoding=\"async\" width=\"1024\" height=\"576\" src=\"https:\/\/programaareavip.com\/wp-content\/uploads\/2026\/04\/IMG-20260428-WA0047-1024x576.jpg\" alt=\"\" class=\"wp-image-3492\" srcset=\"https:\/\/programaareavip.com\/wp-content\/uploads\/2026\/04\/IMG-20260428-WA0047-1024x576.jpg 1024w, https:\/\/programaareavip.com\/wp-content\/uploads\/2026\/04\/IMG-20260428-WA0047-300x169.jpg 300w, https:\/\/programaareavip.com\/wp-content\/uploads\/2026\/04\/IMG-20260428-WA0047-768x432.jpg 768w, https:\/\/programaareavip.com\/wp-content\/uploads\/2026\/04\/IMG-20260428-WA0047-150x84.jpg 150w, https:\/\/programaareavip.com\/wp-content\/uploads\/2026\/04\/IMG-20260428-WA0047-696x392.jpg 696w, https:\/\/programaareavip.com\/wp-content\/uploads\/2026\/04\/IMG-20260428-WA0047-1068x601.jpg 1068w, https:\/\/programaareavip.com\/wp-content\/uploads\/2026\/04\/IMG-20260428-WA0047.jpg 1500w\" sizes=\"auto, (max-width: 1024px) 100vw, 1024px\" \/><\/figure>\n\n\n\n<p>Com o lema \u201cDe norte a sul, o Brasil quer a verdade. O Brasil quer justi\u00e7a por Orelha\u201d, o ato busca pressionar autoridades, incluindo o presidente da C\u00e2mara, Hugo Motta, a dar andamento \u00e0 cria\u00e7\u00e3o da CPI, vista pelos organizadores como essencial para garantir transpar\u00eancia nas investiga\u00e7\u00f5es e evitar que o caso fique impune.<\/p>\n\n\n\n<p>Al\u00e9m do pedido pela CPI, a manifesta\u00e7\u00e3o tamb\u00e9m levanta pautas estruturais, como a necessidade de pol\u00edticas p\u00fablicas cont\u00ednuas para prote\u00e7\u00e3o animal, com or\u00e7amento pr\u00f3prio destinado a a\u00e7\u00f5es como castra\u00e7\u00e3o, atendimento veterin\u00e1rio e apoio a organiza\u00e7\u00f5es independentes. <\/p>\n\n\n\n<p>Segundo ativistas, a aus\u00eancia de recursos fixos compromete a efetividade dessas iniciativas e mant\u00e9m a causa dependente de a\u00e7\u00f5es pontuais.<\/p>\n\n\n\n<p>O protesto contar\u00e1 com a presen\u00e7a de nomes conhecidos da causa animal, como Kabelo Crespo, Estef\u00e2nia (tutora do c\u00e3o Johnny), Fernando Silva, Diego Sanchez e Camilla Lagertha, refor\u00e7ando a mobiliza\u00e7\u00e3o nacional em torno do caso.<\/p>\n\n\n\n<p>Os organizadores convidam a popula\u00e7\u00e3o a participar de forma pac\u00edfica, levando cartazes e mensagens em defesa dos animais. A expectativa \u00e9 que o ato re\u00fana apoiadores de diferentes regi\u00f5es do pa\u00eds, unindo vozes em torno de um pedido central: justi\u00e7a para Orelha e mais rigor no combate aos maus-tratos no Brasil.<\/p>\n\n\n\n<p>Fotos: Divulga\u00e7\u00e3o\/ Marcos Billy Trojan<\/p>\n","protected":false},"excerpt":{"rendered":"<p>Ato no dia 1\u00ba de maio, em frente ao Congresso Nacional, re\u00fane ativistas para cobrar a instaura\u00e7\u00e3o de CPI e denunciar a viol\u00eancia contra animais no Brasil Uma mobiliza\u00e7\u00e3o nacional em defesa dos direitos dos animais est\u00e1 marcada para o pr\u00f3ximo dia 1\u00ba de maio, \u00e0s 11h, em frente ao Congresso Nacional, na Bras\u00edlia. Diferente [&hellip;]<\/p>\n","protected":false},"author":136,"featured_media":3491,"comment_status":"open","ping_status":"open","sticky":false,"template":"","format":"standard","meta":{"footnotes":""},"categories":[90],"tags":[],"class_list":{"0":"post-3490","1":"post","2":"type-post","3":"status-publish","4":"format-standard","5":"has-post-thumbnail","7":"category-eventos"},"yoast_head":"<!-- This site is optimized with the Yoast SEO plugin v27.3 - https:\/\/yoast.com\/product\/yoast-seo-wordpress\/ -->\n<title>Manifesta\u00e7\u00e3o em Bras\u00edlia pressiona por CPI e justi\u00e7a no caso do c\u00e3o Orelha<\/title>\n<meta name=\"robots\" content=\"index, follow, max-snippet:-1, max-image-preview:large, max-video-preview:-1\" \/>\n<link rel=\"canonical\" href=\"https:\/\/programaareavip.com\/?p=3490\" \/>\n<meta property=\"og:locale\" content=\"pt_BR\" \/>\n<meta property=\"og:type\" content=\"article\" \/>\n<meta property=\"og:title\" content=\"Manifesta\u00e7\u00e3o em Bras\u00edlia pressiona por CPI e justi\u00e7a no caso do c\u00e3o Orelha\" \/>\n<meta property=\"og:description\" content=\"Ato no dia 1\u00ba de maio, em frente ao Congresso Nacional, re\u00fane ativistas para cobrar a instaura\u00e7\u00e3o de CPI e denunciar a viol\u00eancia contra animais no Brasil Uma mobiliza\u00e7\u00e3o nacional em defesa dos direitos dos animais est\u00e1 marcada para o pr\u00f3ximo dia 1\u00ba de maio, \u00e0s 11h, em frente ao Congresso Nacional, na Bras\u00edlia. Diferente [&hellip;]\" \/>\n<meta property=\"og:url\" content=\"https:\/\/programaareavip.com\/?p=3490\" \/>\n<meta property=\"og:site_name\" content=\"Programa \u00c1rea Vip\" \/>\n<meta property=\"article:published_time\" content=\"2026-04-28T18:51:26+00:00\" \/>\n<meta property=\"og:image\" content=\"https:\/\/programaareavip.com\/wp-content\/uploads\/2026\/04\/IMG-20260428-WA0044.jpg\" \/>\n\t<meta property=\"og:image:width\" content=\"1536\" \/>\n\t<meta property=\"og:image:height\" content=\"1024\" \/>\n\t<meta property=\"og:image:type\" content=\"image\/jpeg\" \/>\n<meta name=\"author\" content=\"Reda\u00e7\u00e3o\" \/>\n<meta name=\"twitter:card\" content=\"summary_large_image\" \/>\n<meta name=\"twitter:label1\" content=\"Escrito por\" \/>\n\t<meta name=\"twitter:data1\" content=\"Reda\u00e7\u00e3o\" \/>\n\t<meta name=\"twitter:label2\" content=\"Est. tempo de leitura\" \/>\n\t<meta name=\"twitter:data2\" content=\"3 minutos\" \/>\n<script type=\"application\/ld+json\" class=\"yoast-schema-graph\">{\"@context\":\"https:\\\/\\\/schema.org\",\"@graph\":[{\"@type\":\"Article\",\"@id\":\"https:\\\/\\\/programaareavip.com\\\/?p=3490#article\",\"isPartOf\":{\"@id\":\"https:\\\/\\\/programaareavip.com\\\/?p=3490\"},\"author\":{\"name\":\"Reda\u00e7\u00e3o\",\"@id\":\"https:\\\/\\\/programaareavip.com\\\/#\\\/schema\\\/person\\\/c69b733d88c67a31cc1c234c60ee68e7\"},\"headline\":\"Manifesta\u00e7\u00e3o em Bras\u00edlia pressiona por CPI e justi\u00e7a no caso do c\u00e3o Orelha\",\"datePublished\":\"2026-04-28T18:51:26+00:00\",\"mainEntityOfPage\":{\"@id\":\"https:\\\/\\\/programaareavip.com\\\/?p=3490\"},\"wordCount\":428,\"commentCount\":0,\"publisher\":{\"@id\":\"https:\\\/\\\/programaareavip.com\\\/#organization\"},\"image\":{\"@id\":\"https:\\\/\\\/programaareavip.com\\\/?p=3490#primaryimage\"},\"thumbnailUrl\":\"https:\\\/\\\/programaareavip.com\\\/wp-content\\\/uploads\\\/2026\\\/04\\\/IMG-20260428-WA0044.jpg\",\"articleSection\":[\"Eventos\"],\"inLanguage\":\"pt-BR\",\"potentialAction\":[{\"@type\":\"CommentAction\",\"name\":\"Comment\",\"target\":[\"https:\\\/\\\/programaareavip.com\\\/?p=3490#respond\"]}]},{\"@type\":\"WebPage\",\"@id\":\"https:\\\/\\\/programaareavip.com\\\/?p=3490\",\"url\":\"https:\\\/\\\/programaareavip.com\\\/?p=3490\",\"name\":\"Manifesta\u00e7\u00e3o em Bras\u00edlia pressiona por CPI e justi\u00e7a no caso do c\u00e3o Orelha\",\"isPartOf\":{\"@id\":\"https:\\\/\\\/programaareavip.com\\\/#website\"},\"primaryImageOfPage\":{\"@id\":\"https:\\\/\\\/programaareavip.com\\\/?p=3490#primaryimage\"},\"image\":{\"@id\":\"https:\\\/\\\/programaareavip.com\\\/?p=3490#primaryimage\"},\"thumbnailUrl\":\"https:\\\/\\\/programaareavip.com\\\/wp-content\\\/uploads\\\/2026\\\/04\\\/IMG-20260428-WA0044.jpg\",\"datePublished\":\"2026-04-28T18:51:26+00:00\",\"breadcrumb\":{\"@id\":\"https:\\\/\\\/programaareavip.com\\\/?p=3490#breadcrumb\"},\"inLanguage\":\"pt-BR\",\"potentialAction\":[{\"@type\":\"ReadAction\",\"target\":[\"https:\\\/\\\/programaareavip.com\\\/?p=3490\"]}]},{\"@type\":\"ImageObject\",\"inLanguage\":\"pt-BR\",\"@id\":\"https:\\\/\\\/programaareavip.com\\\/?p=3490#primaryimage\",\"url\":\"https:\\\/\\\/programaareavip.com\\\/wp-content\\\/uploads\\\/2026\\\/04\\\/IMG-20260428-WA0044.jpg\",\"contentUrl\":\"https:\\\/\\\/programaareavip.com\\\/wp-content\\\/uploads\\\/2026\\\/04\\\/IMG-20260428-WA0044.jpg\",\"width\":1536,\"height\":1024},{\"@type\":\"BreadcrumbList\",\"@id\":\"https:\\\/\\\/programaareavip.com\\\/?p=3490#breadcrumb\",\"itemListElement\":[{\"@type\":\"ListItem\",\"position\":1,\"name\":\"In\u00edcio\",\"item\":\"https:\\\/\\\/programaareavip.com\\\/\"},{\"@type\":\"ListItem\",\"position\":2,\"name\":\"Manifesta\u00e7\u00e3o em Bras\u00edlia pressiona por CPI e justi\u00e7a no caso do c\u00e3o Orelha\"}]},{\"@type\":\"WebSite\",\"@id\":\"https:\\\/\\\/programaareavip.com\\\/#website\",\"url\":\"https:\\\/\\\/programaareavip.com\\\/\",\"name\":\"Programa \u00c1rea Vip\",\"description\":\"Not\u00edcias na palma da sua m\u00e3o\",\"publisher\":{\"@id\":\"https:\\\/\\\/programaareavip.com\\\/#organization\"},\"potentialAction\":[{\"@type\":\"SearchAction\",\"target\":{\"@type\":\"EntryPoint\",\"urlTemplate\":\"https:\\\/\\\/programaareavip.com\\\/?s={search_term_string}\"},\"query-input\":{\"@type\":\"PropertyValueSpecification\",\"valueRequired\":true,\"valueName\":\"search_term_string\"}}],\"inLanguage\":\"pt-BR\"},{\"@type\":\"Organization\",\"@id\":\"https:\\\/\\\/programaareavip.com\\\/#organization\",\"name\":\"Programa \u00c1rea Vip\",\"url\":\"https:\\\/\\\/programaareavip.com\\\/\",\"logo\":{\"@type\":\"ImageObject\",\"inLanguage\":\"pt-BR\",\"@id\":\"https:\\\/\\\/programaareavip.com\\\/#\\\/schema\\\/logo\\\/image\\\/\",\"url\":\"https:\\\/\\\/programaareavip.com\\\/wp-content\\\/uploads\\\/2024\\\/10\\\/cropped-image0-1.jpeg\",\"contentUrl\":\"https:\\\/\\\/programaareavip.com\\\/wp-content\\\/uploads\\\/2024\\\/10\\\/cropped-image0-1.jpeg\",\"width\":512,\"height\":512,\"caption\":\"Programa \u00c1rea Vip\"},\"image\":{\"@id\":\"https:\\\/\\\/programaareavip.com\\\/#\\\/schema\\\/logo\\\/image\\\/\"}},{\"@type\":\"Person\",\"@id\":\"https:\\\/\\\/programaareavip.com\\\/#\\\/schema\\\/person\\\/c69b733d88c67a31cc1c234c60ee68e7\",\"name\":\"Reda\u00e7\u00e3o\",\"image\":{\"@type\":\"ImageObject\",\"inLanguage\":\"pt-BR\",\"@id\":\"https:\\\/\\\/secure.gravatar.com\\\/avatar\\\/802f984c98d77c65242441c93c6a87c4b90f46ea9c92313e2c68f639967c8932?s=96&d=mm&r=g\",\"url\":\"https:\\\/\\\/secure.gravatar.com\\\/avatar\\\/802f984c98d77c65242441c93c6a87c4b90f46ea9c92313e2c68f639967c8932?s=96&d=mm&r=g\",\"contentUrl\":\"https:\\\/\\\/secure.gravatar.com\\\/avatar\\\/802f984c98d77c65242441c93c6a87c4b90f46ea9c92313e2c68f639967c8932?s=96&d=mm&r=g\",\"caption\":\"Reda\u00e7\u00e3o\"},\"url\":\"https:\\\/\\\/programaareavip.com\\\/?author=136\"}]}<\/script>\n<!-- \/ Yoast SEO plugin. -->","yoast_head_json":{"title":"Manifesta\u00e7\u00e3o em Bras\u00edlia pressiona por CPI e justi\u00e7a no caso do c\u00e3o Orelha","robots":{"index":"index","follow":"follow","max-snippet":"max-snippet:-1","max-image-preview":"max-image-preview:large","max-video-preview":"max-video-preview:-1"},"canonical":"https:\/\/programaareavip.com\/?p=3490","og_locale":"pt_BR","og_type":"article","og_title":"Manifesta\u00e7\u00e3o em Bras\u00edlia pressiona por CPI e justi\u00e7a no caso do c\u00e3o Orelha","og_description":"Ato no dia 1\u00ba de maio, em frente ao Congresso Nacional, re\u00fane ativistas para cobrar a instaura\u00e7\u00e3o de CPI e denunciar a viol\u00eancia contra animais no Brasil Uma mobiliza\u00e7\u00e3o nacional em defesa dos direitos dos animais est\u00e1 marcada para o pr\u00f3ximo dia 1\u00ba de maio, \u00e0s 11h, em frente ao Congresso Nacional, na Bras\u00edlia. Diferente [&hellip;]","og_url":"https:\/\/programaareavip.com\/?p=3490","og_site_name":"Programa \u00c1rea Vip","article_published_time":"2026-04-28T18:51:26+00:00","og_image":[{"width":1536,"height":1024,"url":"https:\/\/programaareavip.com\/wp-content\/uploads\/2026\/04\/IMG-20260428-WA0044.jpg","type":"image\/jpeg"}],"author":"Reda\u00e7\u00e3o","twitter_card":"summary_large_image","twitter_misc":{"Escrito por":"Reda\u00e7\u00e3o","Est. tempo de leitura":"3 minutos"},"schema":{"@context":"https:\/\/schema.org","@graph":[{"@type":"Article","@id":"https:\/\/programaareavip.com\/?p=3490#article","isPartOf":{"@id":"https:\/\/programaareavip.com\/?p=3490"},"author":{"name":"Reda\u00e7\u00e3o","@id":"https:\/\/programaareavip.com\/#\/schema\/person\/c69b733d88c67a31cc1c234c60ee68e7"},"headline":"Manifesta\u00e7\u00e3o em Bras\u00edlia pressiona por CPI e justi\u00e7a no caso do c\u00e3o Orelha","datePublished":"2026-04-28T18:51:26+00:00","mainEntityOfPage":{"@id":"https:\/\/programaareavip.com\/?p=3490"},"wordCount":428,"commentCount":0,"publisher":{"@id":"https:\/\/programaareavip.com\/#organization"},"image":{"@id":"https:\/\/programaareavip.com\/?p=3490#primaryimage"},"thumbnailUrl":"https:\/\/programaareavip.com\/wp-content\/uploads\/2026\/04\/IMG-20260428-WA0044.jpg","articleSection":["Eventos"],"inLanguage":"pt-BR","potentialAction":[{"@type":"CommentAction","name":"Comment","target":["https:\/\/programaareavip.com\/?p=3490#respond"]}]},{"@type":"WebPage","@id":"https:\/\/programaareavip.com\/?p=3490","url":"https:\/\/programaareavip.com\/?p=3490","name":"Manifesta\u00e7\u00e3o em Bras\u00edlia pressiona por CPI e justi\u00e7a no caso do c\u00e3o Orelha","isPartOf":{"@id":"https:\/\/programaareavip.com\/#website"},"primaryImageOfPage":{"@id":"https:\/\/programaareavip.com\/?p=3490#primaryimage"},"image":{"@id":"https:\/\/programaareavip.com\/?p=3490#primaryimage"},"thumbnailUrl":"https:\/\/programaareavip.com\/wp-content\/uploads\/2026\/04\/IMG-20260428-WA0044.jpg","datePublished":"2026-04-28T18:51:26+00:00","breadcrumb":{"@id":"https:\/\/programaareavip.com\/?p=3490#breadcrumb"},"inLanguage":"pt-BR","potentialAction":[{"@type":"ReadAction","target":["https:\/\/programaareavip.com\/?p=3490"]}]},{"@type":"ImageObject","inLanguage":"pt-BR","@id":"https:\/\/programaareavip.com\/?p=3490#primaryimage","url":"https:\/\/programaareavip.com\/wp-content\/uploads\/2026\/04\/IMG-20260428-WA0044.jpg","contentUrl":"https:\/\/programaareavip.com\/wp-content\/uploads\/2026\/04\/IMG-20260428-WA0044.jpg","width":1536,"height":1024},{"@type":"BreadcrumbList","@id":"https:\/\/programaareavip.com\/?p=3490#breadcrumb","itemListElement":[{"@type":"ListItem","position":1,"name":"In\u00edcio","item":"https:\/\/programaareavip.com\/"},{"@type":"ListItem","position":2,"name":"Manifesta\u00e7\u00e3o em Bras\u00edlia pressiona por CPI e justi\u00e7a no caso do c\u00e3o Orelha"}]},{"@type":"WebSite","@id":"https:\/\/programaareavip.com\/#website","url":"https:\/\/programaareavip.com\/","name":"Programa \u00c1rea Vip","description":"Not\u00edcias na palma da sua m\u00e3o","publisher":{"@id":"https:\/\/programaareavip.com\/#organization"},"potentialAction":[{"@type":"SearchAction","target":{"@type":"EntryPoint","urlTemplate":"https:\/\/programaareavip.com\/?s={search_term_string}"},"query-input":{"@type":"PropertyValueSpecification","valueRequired":true,"valueName":"search_term_string"}}],"inLanguage":"pt-BR"},{"@type":"Organization","@id":"https:\/\/programaareavip.com\/#organization","name":"Programa \u00c1rea Vip","url":"https:\/\/programaareavip.com\/","logo":{"@type":"ImageObject","inLanguage":"pt-BR","@id":"https:\/\/programaareavip.com\/#\/schema\/logo\/image\/","url":"https:\/\/programaareavip.com\/wp-content\/uploads\/2024\/10\/cropped-image0-1.jpeg","contentUrl":"https:\/\/programaareavip.com\/wp-content\/uploads\/2024\/10\/cropped-image0-1.jpeg","width":512,"height":512,"caption":"Programa \u00c1rea Vip"},"image":{"@id":"https:\/\/programaareavip.com\/#\/schema\/logo\/image\/"}},{"@type":"Person","@id":"https:\/\/programaareavip.com\/#\/schema\/person\/c69b733d88c67a31cc1c234c60ee68e7","name":"Reda\u00e7\u00e3o","image":{"@type":"ImageObject","inLanguage":"pt-BR","@id":"https:\/\/secure.gravatar.com\/avatar\/802f984c98d77c65242441c93c6a87c4b90f46ea9c92313e2c68f639967c8932?s=96&d=mm&r=g","url":"https:\/\/secure.gravatar.com\/avatar\/802f984c98d77c65242441c93c6a87c4b90f46ea9c92313e2c68f639967c8932?s=96&d=mm&r=g","contentUrl":"https:\/\/secure.gravatar.com\/avatar\/802f984c98d77c65242441c93c6a87c4b90f46ea9c92313e2c68f639967c8932?s=96&d=mm&r=g","caption":"Reda\u00e7\u00e3o"},"url":"https:\/\/programaareavip.com\/?author=136"}]}},"_links":{"self":[{"href":"https:\/\/programaareavip.com\/index.php?rest_route=\/wp\/v2\/posts\/3490","targetHints":{"allow":["GET"]}}],"collection":[{"href":"https:\/\/programaareavip.com\/index.php?rest_route=\/wp\/v2\/posts"}],"about":[{"href":"https:\/\/programaareavip.com\/index.php?rest_route=\/wp\/v2\/types\/post"}],"author":[{"embeddable":true,"href":"https:\/\/programaareavip.com\/index.php?rest_route=\/wp\/v2\/users\/136"}],"replies":[{"embeddable":true,"href":"https:\/\/programaareavip.com\/index.php?rest_route=%2Fwp%2Fv2%2Fcomments&post=3490"}],"version-history":[{"count":1,"href":"https:\/\/programaareavip.com\/index.php?rest_route=\/wp\/v2\/posts\/3490\/revisions"}],"predecessor-version":[{"id":3493,"href":"https:\/\/programaareavip.com\/index.php?rest_route=\/wp\/v2\/posts\/3490\/revisions\/3493"}],"wp:featuredmedia":[{"embeddable":true,"href":"https:\/\/programaareavip.com\/index.php?rest_route=\/wp\/v2\/media\/3491"}],"wp:attachment":[{"href":"https:\/\/programaareavip.com\/index.php?rest_route=%2Fwp%2Fv2%2Fmedia&parent=3490"}],"wp:term":[{"taxonomy":"category","embeddable":true,"href":"https:\/\/programaareavip.com\/index.php?rest_route=%2Fwp%2Fv2%2Fcategories&post=3490"},{"taxonomy":"post_tag","embeddable":true,"href":"https:\/\/programaareavip.com\/index.php?rest_route=%2Fwp%2Fv2%2Ftags&post=3490"}],"curies":[{"name":"wp","href":"https:\/\/api.w.org\/{rel}","templated":true}]}}