{"id":2502,"date":"2025-12-17T13:41:37","date_gmt":"2025-12-17T13:41:37","guid":{"rendered":"https:\/\/programaareavip.com\/?p=2502"},"modified":"2025-12-17T13:41:37","modified_gmt":"2025-12-17T13:41:37","slug":"comadre-joanna-brilha-em-aniversario-com-homenagem-a-hebe-camargo-no-espirito-santo","status":"publish","type":"post","link":"https:\/\/programaareavip.com\/?p=2502","title":{"rendered":"Comadre Joanna brilha em anivers\u00e1rio com Homenagem a Hebe Camargo no Esp\u00edrito Santo."},"content":{"rendered":"\n<figure class=\"wp-block-image size-large\"><img loading=\"lazy\" decoding=\"async\" width=\"1024\" height=\"682\" src=\"https:\/\/programaareavip.com\/wp-content\/uploads\/2025\/12\/WhatsApp-Image-2025-12-17-at-10.33.40-1024x682.jpeg\" alt=\"\" class=\"wp-image-2503\" srcset=\"https:\/\/programaareavip.com\/wp-content\/uploads\/2025\/12\/WhatsApp-Image-2025-12-17-at-10.33.40-1024x682.jpeg 1024w, https:\/\/programaareavip.com\/wp-content\/uploads\/2025\/12\/WhatsApp-Image-2025-12-17-at-10.33.40-300x200.jpeg 300w, https:\/\/programaareavip.com\/wp-content\/uploads\/2025\/12\/WhatsApp-Image-2025-12-17-at-10.33.40-768x512.jpeg 768w, https:\/\/programaareavip.com\/wp-content\/uploads\/2025\/12\/WhatsApp-Image-2025-12-17-at-10.33.40-150x100.jpeg 150w, https:\/\/programaareavip.com\/wp-content\/uploads\/2025\/12\/WhatsApp-Image-2025-12-17-at-10.33.40-696x464.jpeg 696w, https:\/\/programaareavip.com\/wp-content\/uploads\/2025\/12\/WhatsApp-Image-2025-12-17-at-10.33.40-1068x712.jpeg 1068w, https:\/\/programaareavip.com\/wp-content\/uploads\/2025\/12\/WhatsApp-Image-2025-12-17-at-10.33.40.jpeg 1280w\" sizes=\"auto, (max-width: 1024px) 100vw, 1024px\" \/><figcaption class=\"wp-element-caption\">Babi Marangoni, Susy Faria, Joana Maria, Mary Ribeiro e Helton Carvalho.<\/figcaption><\/figure>\n\n\n\n<p>A apresentadora e figura cativa da RedeTV! no Esp\u00edrito Santo, Comadre Joanna Maria, celebrou seu anivers\u00e1rio em uma noite de gala que reuniu o cr\u00e8me de la cr\u00e8me da sociedade e imprensa capixaba. O evento, realizado na cobertura do hotel Pas\u00e1rgada no \u00faltimo domingo, 14, foi marcado por glamour e uma homenagem emocionante \u00e0 eterna rainha da televis\u00e3o brasileira, Hebe Camargo.<\/p>\n\n\n\n<p>O ponto alto da glamurosa noite foi a presen\u00e7a do convidado ilustre, Marcelo Camargo, filho de Hebe Camargo. Marcelo presenteou os convidados com uma palestra inspiradora, compartilhando mem\u00f3rias e bastidores da vida da diva.<\/p>\n\n\n\n<p>Al\u00e9m da palestra, ele exp\u00f4s um pequeno, mas significativo, acervo pessoal da apresentadora, proporcionando um momento de profunda conex\u00e3o com a trajet\u00f3ria de Hebe, a quem Comadre Joanna sempre admirou.<\/p>\n\n\n\n<p>A anfitri\u00e3, Comadre Joanna Maria esbanjou eleg\u00e2ncia e simpatia, recebendo amigos, empres\u00e1rios e formadores de opini\u00e3o do estado. A festa se consolidou n\u00e3o apenas como uma celebra\u00e7\u00e3o de anivers\u00e1rio, mas como um grande encontro social que reafirma a for\u00e7a e o prest\u00edgio da apresentadora no cen\u00e1rio estadual.<\/p>\n\n\n\n<figure class=\"wp-block-image size-large\"><img loading=\"lazy\" decoding=\"async\" width=\"1024\" height=\"682\" src=\"https:\/\/programaareavip.com\/wp-content\/uploads\/2025\/12\/WhatsApp-Image-2025-12-17-at-10.33.40-1-1024x682.jpeg\" alt=\"\" class=\"wp-image-2504\" srcset=\"https:\/\/programaareavip.com\/wp-content\/uploads\/2025\/12\/WhatsApp-Image-2025-12-17-at-10.33.40-1-1024x682.jpeg 1024w, https:\/\/programaareavip.com\/wp-content\/uploads\/2025\/12\/WhatsApp-Image-2025-12-17-at-10.33.40-1-300x200.jpeg 300w, https:\/\/programaareavip.com\/wp-content\/uploads\/2025\/12\/WhatsApp-Image-2025-12-17-at-10.33.40-1-768x512.jpeg 768w, https:\/\/programaareavip.com\/wp-content\/uploads\/2025\/12\/WhatsApp-Image-2025-12-17-at-10.33.40-1-150x100.jpeg 150w, https:\/\/programaareavip.com\/wp-content\/uploads\/2025\/12\/WhatsApp-Image-2025-12-17-at-10.33.40-1-696x464.jpeg 696w, https:\/\/programaareavip.com\/wp-content\/uploads\/2025\/12\/WhatsApp-Image-2025-12-17-at-10.33.40-1-1068x712.jpeg 1068w, https:\/\/programaareavip.com\/wp-content\/uploads\/2025\/12\/WhatsApp-Image-2025-12-17-at-10.33.40-1.jpeg 1280w\" sizes=\"auto, (max-width: 1024px) 100vw, 1024px\" \/><figcaption class=\"wp-element-caption\">Marcello Camargo, Joana Maria, Susy Faria e Helton Carvalho.<\/figcaption><\/figure>\n\n\n\n<p>&#8220;Foi uma honra celebrar este novo ciclo ao lado de pessoas t\u00e3o queridas e, especialmente, poder receber Marcelo Camargo para uma homenagem t\u00e3o sincera \u00e0 nossa Hebe. Ela \u00e9 e sempre ser\u00e1 uma inspira\u00e7\u00e3o de talento, carisma e dedica\u00e7\u00e3o&#8221;, declarou Comadre Joanna.<\/p>\n\n\n\n<p>O evento foi prestigiado por diversas personalidades e jornalistas refor\u00e7ando o prest\u00edgio da apresentadora e seu papel na comunica\u00e7\u00e3o capixaba.<\/p>\n\n\n\n<p>Entre os famosos a jornalista da Tv Tribuna (Band), Suzy Faria, Helton Carvalho e a apresentadora da Record News, Babi Marangoni.<\/p>\n\n\n\n<p>Texto: Eliz Motta<\/p>\n\n\n\n<p><\/p>\n","protected":false},"excerpt":{"rendered":"<p>A apresentadora e figura cativa da RedeTV! no Esp\u00edrito Santo, Comadre Joanna Maria, celebrou seu anivers\u00e1rio em uma noite de gala que reuniu o cr\u00e8me de la cr\u00e8me da sociedade e imprensa capixaba. O evento, realizado na cobertura do hotel Pas\u00e1rgada no \u00faltimo domingo, 14, foi marcado por glamour e uma homenagem emocionante \u00e0 eterna [&hellip;]<\/p>\n","protected":false},"author":2,"featured_media":2503,"comment_status":"open","ping_status":"open","sticky":false,"template":"","format":"standard","meta":{"footnotes":""},"categories":[96,90,88],"tags":[104,99,98,103],"class_list":{"0":"post-2502","1":"post","2":"type-post","3":"status-publish","4":"format-standard","5":"has-post-thumbnail","7":"category-entretenimento","8":"category-eventos","9":"category-famosos","10":"tag-brasil","11":"tag-capixaba","12":"tag-entreterimento","13":"tag-famosos"},"yoast_head":"<!-- This site is optimized with the Yoast SEO plugin v27.3 - https:\/\/yoast.com\/product\/yoast-seo-wordpress\/ -->\n<title>Comadre Joanna brilha em anivers\u00e1rio com Homenagem a Hebe Camargo no Esp\u00edrito Santo.<\/title>\n<meta name=\"robots\" content=\"index, follow, max-snippet:-1, max-image-preview:large, max-video-preview:-1\" \/>\n<link rel=\"canonical\" href=\"https:\/\/programaareavip.com\/?p=2502\" \/>\n<meta property=\"og:locale\" content=\"pt_BR\" \/>\n<meta property=\"og:type\" content=\"article\" \/>\n<meta property=\"og:title\" content=\"Comadre Joanna brilha em anivers\u00e1rio com Homenagem a Hebe Camargo no Esp\u00edrito Santo.\" \/>\n<meta property=\"og:description\" content=\"A apresentadora e figura cativa da RedeTV! no Esp\u00edrito Santo, Comadre Joanna Maria, celebrou seu anivers\u00e1rio em uma noite de gala que reuniu o cr\u00e8me de la cr\u00e8me da sociedade e imprensa capixaba. O evento, realizado na cobertura do hotel Pas\u00e1rgada no \u00faltimo domingo, 14, foi marcado por glamour e uma homenagem emocionante \u00e0 eterna [&hellip;]\" \/>\n<meta property=\"og:url\" content=\"https:\/\/programaareavip.com\/?p=2502\" \/>\n<meta property=\"og:site_name\" content=\"Programa \u00c1rea Vip\" \/>\n<meta property=\"article:published_time\" content=\"2025-12-17T13:41:37+00:00\" \/>\n<meta property=\"og:image\" content=\"https:\/\/programaareavip.com\/wp-content\/uploads\/2025\/12\/WhatsApp-Image-2025-12-17-at-10.33.40.jpeg\" \/>\n\t<meta property=\"og:image:width\" content=\"1280\" \/>\n\t<meta property=\"og:image:height\" content=\"853\" \/>\n\t<meta property=\"og:image:type\" content=\"image\/jpeg\" \/>\n<meta name=\"author\" content=\"Reda\u00e7\u00e3o entretenimento\" \/>\n<meta name=\"twitter:card\" content=\"summary_large_image\" \/>\n<meta name=\"twitter:label1\" content=\"Escrito por\" \/>\n\t<meta name=\"twitter:data1\" content=\"Reda\u00e7\u00e3o entretenimento\" \/>\n\t<meta name=\"twitter:label2\" content=\"Est. tempo de leitura\" \/>\n\t<meta name=\"twitter:data2\" content=\"3 minutos\" \/>\n<script type=\"application\/ld+json\" class=\"yoast-schema-graph\">{\"@context\":\"https:\\\/\\\/schema.org\",\"@graph\":[{\"@type\":\"Article\",\"@id\":\"https:\\\/\\\/programaareavip.com\\\/?p=2502#article\",\"isPartOf\":{\"@id\":\"https:\\\/\\\/programaareavip.com\\\/?p=2502\"},\"author\":{\"name\":\"Reda\u00e7\u00e3o entretenimento\",\"@id\":\"https:\\\/\\\/programaareavip.com\\\/#\\\/schema\\\/person\\\/16f3e0665eeca7568213554a42e16970\"},\"headline\":\"Comadre Joanna brilha em anivers\u00e1rio com Homenagem a Hebe Camargo no Esp\u00edrito Santo.\",\"datePublished\":\"2025-12-17T13:41:37+00:00\",\"mainEntityOfPage\":{\"@id\":\"https:\\\/\\\/programaareavip.com\\\/?p=2502\"},\"wordCount\":317,\"commentCount\":0,\"publisher\":{\"@id\":\"https:\\\/\\\/programaareavip.com\\\/#organization\"},\"image\":{\"@id\":\"https:\\\/\\\/programaareavip.com\\\/?p=2502#primaryimage\"},\"thumbnailUrl\":\"https:\\\/\\\/programaareavip.com\\\/wp-content\\\/uploads\\\/2025\\\/12\\\/WhatsApp-Image-2025-12-17-at-10.33.40.jpeg\",\"keywords\":[\"Brasil\",\"capixaba\",\"entreterimento\",\"Famosos\"],\"articleSection\":[\"Entretenimento\",\"Eventos\",\"Famosos\"],\"inLanguage\":\"pt-BR\",\"potentialAction\":[{\"@type\":\"CommentAction\",\"name\":\"Comment\",\"target\":[\"https:\\\/\\\/programaareavip.com\\\/?p=2502#respond\"]}]},{\"@type\":\"WebPage\",\"@id\":\"https:\\\/\\\/programaareavip.com\\\/?p=2502\",\"url\":\"https:\\\/\\\/programaareavip.com\\\/?p=2502\",\"name\":\"Comadre Joanna brilha em anivers\u00e1rio com Homenagem a Hebe Camargo no Esp\u00edrito Santo.\",\"isPartOf\":{\"@id\":\"https:\\\/\\\/programaareavip.com\\\/#website\"},\"primaryImageOfPage\":{\"@id\":\"https:\\\/\\\/programaareavip.com\\\/?p=2502#primaryimage\"},\"image\":{\"@id\":\"https:\\\/\\\/programaareavip.com\\\/?p=2502#primaryimage\"},\"thumbnailUrl\":\"https:\\\/\\\/programaareavip.com\\\/wp-content\\\/uploads\\\/2025\\\/12\\\/WhatsApp-Image-2025-12-17-at-10.33.40.jpeg\",\"datePublished\":\"2025-12-17T13:41:37+00:00\",\"breadcrumb\":{\"@id\":\"https:\\\/\\\/programaareavip.com\\\/?p=2502#breadcrumb\"},\"inLanguage\":\"pt-BR\",\"potentialAction\":[{\"@type\":\"ReadAction\",\"target\":[\"https:\\\/\\\/programaareavip.com\\\/?p=2502\"]}]},{\"@type\":\"ImageObject\",\"inLanguage\":\"pt-BR\",\"@id\":\"https:\\\/\\\/programaareavip.com\\\/?p=2502#primaryimage\",\"url\":\"https:\\\/\\\/programaareavip.com\\\/wp-content\\\/uploads\\\/2025\\\/12\\\/WhatsApp-Image-2025-12-17-at-10.33.40.jpeg\",\"contentUrl\":\"https:\\\/\\\/programaareavip.com\\\/wp-content\\\/uploads\\\/2025\\\/12\\\/WhatsApp-Image-2025-12-17-at-10.33.40.jpeg\",\"width\":1280,\"height\":853},{\"@type\":\"BreadcrumbList\",\"@id\":\"https:\\\/\\\/programaareavip.com\\\/?p=2502#breadcrumb\",\"itemListElement\":[{\"@type\":\"ListItem\",\"position\":1,\"name\":\"In\u00edcio\",\"item\":\"https:\\\/\\\/programaareavip.com\\\/\"},{\"@type\":\"ListItem\",\"position\":2,\"name\":\"Comadre Joanna brilha em anivers\u00e1rio com Homenagem a Hebe Camargo no Esp\u00edrito Santo.\"}]},{\"@type\":\"WebSite\",\"@id\":\"https:\\\/\\\/programaareavip.com\\\/#website\",\"url\":\"https:\\\/\\\/programaareavip.com\\\/\",\"name\":\"Programa \u00c1rea Vip\",\"description\":\"Not\u00edcias na palma da sua m\u00e3o\",\"publisher\":{\"@id\":\"https:\\\/\\\/programaareavip.com\\\/#organization\"},\"potentialAction\":[{\"@type\":\"SearchAction\",\"target\":{\"@type\":\"EntryPoint\",\"urlTemplate\":\"https:\\\/\\\/programaareavip.com\\\/?s={search_term_string}\"},\"query-input\":{\"@type\":\"PropertyValueSpecification\",\"valueRequired\":true,\"valueName\":\"search_term_string\"}}],\"inLanguage\":\"pt-BR\"},{\"@type\":\"Organization\",\"@id\":\"https:\\\/\\\/programaareavip.com\\\/#organization\",\"name\":\"Programa \u00c1rea Vip\",\"url\":\"https:\\\/\\\/programaareavip.com\\\/\",\"logo\":{\"@type\":\"ImageObject\",\"inLanguage\":\"pt-BR\",\"@id\":\"https:\\\/\\\/programaareavip.com\\\/#\\\/schema\\\/logo\\\/image\\\/\",\"url\":\"https:\\\/\\\/programaareavip.com\\\/wp-content\\\/uploads\\\/2024\\\/10\\\/cropped-image0-1.jpeg\",\"contentUrl\":\"https:\\\/\\\/programaareavip.com\\\/wp-content\\\/uploads\\\/2024\\\/10\\\/cropped-image0-1.jpeg\",\"width\":512,\"height\":512,\"caption\":\"Programa \u00c1rea Vip\"},\"image\":{\"@id\":\"https:\\\/\\\/programaareavip.com\\\/#\\\/schema\\\/logo\\\/image\\\/\"}},{\"@type\":\"Person\",\"@id\":\"https:\\\/\\\/programaareavip.com\\\/#\\\/schema\\\/person\\\/16f3e0665eeca7568213554a42e16970\",\"name\":\"Reda\u00e7\u00e3o entretenimento\",\"image\":{\"@type\":\"ImageObject\",\"inLanguage\":\"pt-BR\",\"@id\":\"https:\\\/\\\/secure.gravatar.com\\\/avatar\\\/d4b7dc44fcf13d5ffa8c3b4891d3fbf1cc387bf09b51c9a05649631d9ffe38a7?s=96&d=mm&r=g\",\"url\":\"https:\\\/\\\/secure.gravatar.com\\\/avatar\\\/d4b7dc44fcf13d5ffa8c3b4891d3fbf1cc387bf09b51c9a05649631d9ffe38a7?s=96&d=mm&r=g\",\"contentUrl\":\"https:\\\/\\\/secure.gravatar.com\\\/avatar\\\/d4b7dc44fcf13d5ffa8c3b4891d3fbf1cc387bf09b51c9a05649631d9ffe38a7?s=96&d=mm&r=g\",\"caption\":\"Reda\u00e7\u00e3o entretenimento\"},\"description\":\"Apresentadora do quadro \u00c1rea Vip no programa DESTAQUE - CANAL 18.1 RedeTV ES Jornalista - DRT 46667 Instagram @babi.marangoni Educadora F\u00edsica e Bailarina. Dancer profissional\",\"sameAs\":[\"http:\\\/\\\/www.areavipcombabi.com\",\"https:\\\/\\\/www.linkedin.com\\\/in\\\/babimarangoni?utm_source=share&utm_campaign=share_via&utm_content=profile&utm_medium=android_app\",\"https:\\\/\\\/pin.it\\\/5fA7LPNzy\",\"https:\\\/\\\/www.youtube.com\\\/@Babimarangonii\",\"https:\\\/\\\/images.app.goo.gl\\\/s7dqVAHXytEwvoLt6\"],\"url\":\"https:\\\/\\\/programaareavip.com\\\/?author=2\"}]}<\/script>\n<!-- \/ Yoast SEO plugin. -->","yoast_head_json":{"title":"Comadre Joanna brilha em anivers\u00e1rio com Homenagem a Hebe Camargo no Esp\u00edrito Santo.","robots":{"index":"index","follow":"follow","max-snippet":"max-snippet:-1","max-image-preview":"max-image-preview:large","max-video-preview":"max-video-preview:-1"},"canonical":"https:\/\/programaareavip.com\/?p=2502","og_locale":"pt_BR","og_type":"article","og_title":"Comadre Joanna brilha em anivers\u00e1rio com Homenagem a Hebe Camargo no Esp\u00edrito Santo.","og_description":"A apresentadora e figura cativa da RedeTV! no Esp\u00edrito Santo, Comadre Joanna Maria, celebrou seu anivers\u00e1rio em uma noite de gala que reuniu o cr\u00e8me de la cr\u00e8me da sociedade e imprensa capixaba. O evento, realizado na cobertura do hotel Pas\u00e1rgada no \u00faltimo domingo, 14, foi marcado por glamour e uma homenagem emocionante \u00e0 eterna [&hellip;]","og_url":"https:\/\/programaareavip.com\/?p=2502","og_site_name":"Programa \u00c1rea Vip","article_published_time":"2025-12-17T13:41:37+00:00","og_image":[{"width":1280,"height":853,"url":"https:\/\/programaareavip.com\/wp-content\/uploads\/2025\/12\/WhatsApp-Image-2025-12-17-at-10.33.40.jpeg","type":"image\/jpeg"}],"author":"Reda\u00e7\u00e3o entretenimento","twitter_card":"summary_large_image","twitter_misc":{"Escrito por":"Reda\u00e7\u00e3o entretenimento","Est. tempo de leitura":"3 minutos"},"schema":{"@context":"https:\/\/schema.org","@graph":[{"@type":"Article","@id":"https:\/\/programaareavip.com\/?p=2502#article","isPartOf":{"@id":"https:\/\/programaareavip.com\/?p=2502"},"author":{"name":"Reda\u00e7\u00e3o entretenimento","@id":"https:\/\/programaareavip.com\/#\/schema\/person\/16f3e0665eeca7568213554a42e16970"},"headline":"Comadre Joanna brilha em anivers\u00e1rio com Homenagem a Hebe Camargo no Esp\u00edrito Santo.","datePublished":"2025-12-17T13:41:37+00:00","mainEntityOfPage":{"@id":"https:\/\/programaareavip.com\/?p=2502"},"wordCount":317,"commentCount":0,"publisher":{"@id":"https:\/\/programaareavip.com\/#organization"},"image":{"@id":"https:\/\/programaareavip.com\/?p=2502#primaryimage"},"thumbnailUrl":"https:\/\/programaareavip.com\/wp-content\/uploads\/2025\/12\/WhatsApp-Image-2025-12-17-at-10.33.40.jpeg","keywords":["Brasil","capixaba","entreterimento","Famosos"],"articleSection":["Entretenimento","Eventos","Famosos"],"inLanguage":"pt-BR","potentialAction":[{"@type":"CommentAction","name":"Comment","target":["https:\/\/programaareavip.com\/?p=2502#respond"]}]},{"@type":"WebPage","@id":"https:\/\/programaareavip.com\/?p=2502","url":"https:\/\/programaareavip.com\/?p=2502","name":"Comadre Joanna brilha em anivers\u00e1rio com Homenagem a Hebe Camargo no Esp\u00edrito Santo.","isPartOf":{"@id":"https:\/\/programaareavip.com\/#website"},"primaryImageOfPage":{"@id":"https:\/\/programaareavip.com\/?p=2502#primaryimage"},"image":{"@id":"https:\/\/programaareavip.com\/?p=2502#primaryimage"},"thumbnailUrl":"https:\/\/programaareavip.com\/wp-content\/uploads\/2025\/12\/WhatsApp-Image-2025-12-17-at-10.33.40.jpeg","datePublished":"2025-12-17T13:41:37+00:00","breadcrumb":{"@id":"https:\/\/programaareavip.com\/?p=2502#breadcrumb"},"inLanguage":"pt-BR","potentialAction":[{"@type":"ReadAction","target":["https:\/\/programaareavip.com\/?p=2502"]}]},{"@type":"ImageObject","inLanguage":"pt-BR","@id":"https:\/\/programaareavip.com\/?p=2502#primaryimage","url":"https:\/\/programaareavip.com\/wp-content\/uploads\/2025\/12\/WhatsApp-Image-2025-12-17-at-10.33.40.jpeg","contentUrl":"https:\/\/programaareavip.com\/wp-content\/uploads\/2025\/12\/WhatsApp-Image-2025-12-17-at-10.33.40.jpeg","width":1280,"height":853},{"@type":"BreadcrumbList","@id":"https:\/\/programaareavip.com\/?p=2502#breadcrumb","itemListElement":[{"@type":"ListItem","position":1,"name":"In\u00edcio","item":"https:\/\/programaareavip.com\/"},{"@type":"ListItem","position":2,"name":"Comadre Joanna brilha em anivers\u00e1rio com Homenagem a Hebe Camargo no Esp\u00edrito Santo."}]},{"@type":"WebSite","@id":"https:\/\/programaareavip.com\/#website","url":"https:\/\/programaareavip.com\/","name":"Programa \u00c1rea Vip","description":"Not\u00edcias na palma da sua m\u00e3o","publisher":{"@id":"https:\/\/programaareavip.com\/#organization"},"potentialAction":[{"@type":"SearchAction","target":{"@type":"EntryPoint","urlTemplate":"https:\/\/programaareavip.com\/?s={search_term_string}"},"query-input":{"@type":"PropertyValueSpecification","valueRequired":true,"valueName":"search_term_string"}}],"inLanguage":"pt-BR"},{"@type":"Organization","@id":"https:\/\/programaareavip.com\/#organization","name":"Programa \u00c1rea Vip","url":"https:\/\/programaareavip.com\/","logo":{"@type":"ImageObject","inLanguage":"pt-BR","@id":"https:\/\/programaareavip.com\/#\/schema\/logo\/image\/","url":"https:\/\/programaareavip.com\/wp-content\/uploads\/2024\/10\/cropped-image0-1.jpeg","contentUrl":"https:\/\/programaareavip.com\/wp-content\/uploads\/2024\/10\/cropped-image0-1.jpeg","width":512,"height":512,"caption":"Programa \u00c1rea Vip"},"image":{"@id":"https:\/\/programaareavip.com\/#\/schema\/logo\/image\/"}},{"@type":"Person","@id":"https:\/\/programaareavip.com\/#\/schema\/person\/16f3e0665eeca7568213554a42e16970","name":"Reda\u00e7\u00e3o entretenimento","image":{"@type":"ImageObject","inLanguage":"pt-BR","@id":"https:\/\/secure.gravatar.com\/avatar\/d4b7dc44fcf13d5ffa8c3b4891d3fbf1cc387bf09b51c9a05649631d9ffe38a7?s=96&d=mm&r=g","url":"https:\/\/secure.gravatar.com\/avatar\/d4b7dc44fcf13d5ffa8c3b4891d3fbf1cc387bf09b51c9a05649631d9ffe38a7?s=96&d=mm&r=g","contentUrl":"https:\/\/secure.gravatar.com\/avatar\/d4b7dc44fcf13d5ffa8c3b4891d3fbf1cc387bf09b51c9a05649631d9ffe38a7?s=96&d=mm&r=g","caption":"Reda\u00e7\u00e3o entretenimento"},"description":"Apresentadora do quadro \u00c1rea Vip no programa DESTAQUE - CANAL 18.1 RedeTV ES Jornalista - DRT 46667 Instagram @babi.marangoni Educadora F\u00edsica e Bailarina. Dancer profissional","sameAs":["http:\/\/www.areavipcombabi.com","https:\/\/www.linkedin.com\/in\/babimarangoni?utm_source=share&utm_campaign=share_via&utm_content=profile&utm_medium=android_app","https:\/\/pin.it\/5fA7LPNzy","https:\/\/www.youtube.com\/@Babimarangonii","https:\/\/images.app.goo.gl\/s7dqVAHXytEwvoLt6"],"url":"https:\/\/programaareavip.com\/?author=2"}]}},"_links":{"self":[{"href":"https:\/\/programaareavip.com\/index.php?rest_route=\/wp\/v2\/posts\/2502","targetHints":{"allow":["GET"]}}],"collection":[{"href":"https:\/\/programaareavip.com\/index.php?rest_route=\/wp\/v2\/posts"}],"about":[{"href":"https:\/\/programaareavip.com\/index.php?rest_route=\/wp\/v2\/types\/post"}],"author":[{"embeddable":true,"href":"https:\/\/programaareavip.com\/index.php?rest_route=\/wp\/v2\/users\/2"}],"replies":[{"embeddable":true,"href":"https:\/\/programaareavip.com\/index.php?rest_route=%2Fwp%2Fv2%2Fcomments&post=2502"}],"version-history":[{"count":1,"href":"https:\/\/programaareavip.com\/index.php?rest_route=\/wp\/v2\/posts\/2502\/revisions"}],"predecessor-version":[{"id":2505,"href":"https:\/\/programaareavip.com\/index.php?rest_route=\/wp\/v2\/posts\/2502\/revisions\/2505"}],"wp:featuredmedia":[{"embeddable":true,"href":"https:\/\/programaareavip.com\/index.php?rest_route=\/wp\/v2\/media\/2503"}],"wp:attachment":[{"href":"https:\/\/programaareavip.com\/index.php?rest_route=%2Fwp%2Fv2%2Fmedia&parent=2502"}],"wp:term":[{"taxonomy":"category","embeddable":true,"href":"https:\/\/programaareavip.com\/index.php?rest_route=%2Fwp%2Fv2%2Fcategories&post=2502"},{"taxonomy":"post_tag","embeddable":true,"href":"https:\/\/programaareavip.com\/index.php?rest_route=%2Fwp%2Fv2%2Ftags&post=2502"}],"curies":[{"name":"wp","href":"https:\/\/api.w.org\/{rel}","templated":true}]}}