{"id":2366,"date":"2025-11-28T22:47:16","date_gmt":"2025-11-28T22:47:16","guid":{"rendered":"https:\/\/programaareavip.com\/?p=2366"},"modified":"2025-11-28T22:47:16","modified_gmt":"2025-11-28T22:47:16","slug":"pedindo-recaida-ultrapassa-100-mil-streams-e-coloca-gabriel-sabadim-em-destaque-no-cenario-musical","status":"publish","type":"post","link":"https:\/\/programaareavip.com\/?p=2366","title":{"rendered":"\u201cPedindo Reca\u00edda\u201d ultrapassa 100 mil streams e coloca Gabriel Sabadim em destaque no cen\u00e1rio musical"},"content":{"rendered":"\n<p><em>Lan\u00e7ada recentemente, a m\u00fasica conta com a participa\u00e7\u00e3o de Mariana Fagundes e j\u00e1 conquistou o p\u00fablico nas plataformas digitais<\/em><\/p>\n\n\n\n<p>A m\u00fasica \u201cPedindo Reca\u00edda\u201d, do cantor Gabriel Sabadim (@gabrielsabadimoficial), vem sendo um dos grandes destaques do momento. Com participa\u00e7\u00e3o especial da cantora Mariana Fagundes, a faixa ultrapassou a marca de 100 mil streams no Spotify, consolidando-se como um dos trabalhos de maior repercuss\u00e3o da carreira do artista junto as m\u00fasicas My Love que contou com a participa\u00e7\u00e3o do Alem\u00e3o do Forr\u00f3 com mais de 300 mil plays e tamb\u00e9m a m\u00fasica Rol\u00ea que contou com a participa\u00e7\u00e3o do cantor Gabriel Gava com mais de 160 mil plays.<\/p>\n\n\n<!-- wp:image \"id\":18619,\"sizeSlug\":\"large\",\"linkDestination\":\"none\" -->\n<figure class=\"wp-block-image size-large\"><img decoding=\"async\" src=\"https:\/\/programacamarote.com.br\/wp-content\/uploads\/2025\/11\/d808e3e6-1431-45d6-bc1c-6c14bafd5f21-471x1024.jpeg\" alt=\"\" class=\"wp-image-18619\"\/><\/figure>\n<!-- \/wp:post-content -->\n\n<!-- wp:paragraph -->\n<p>Desde o lan\u00e7amento, a can\u00e7\u00e3o tem se espalhado rapidamente pelas redes sociais, principalmente por v\u00eddeos e reels que mostram o p\u00fablico cantando junto e se identificando com a letra. No Instagram, a divulga\u00e7\u00e3o ganhou for\u00e7a, resultando em alto engajamento e compartilhamento org\u00e2nico entre f\u00e3s.<\/p>\n<!-- \/wp:paragraph -->\n\n<!-- wp:paragraph -->\n<p>Uma m\u00fasica que fala de verdade emocional<\/p>\n<!-- \/wp:paragraph -->\n\n<!-- wp:paragraph -->\n<p>\u201cPedindo Reca\u00edda\u201d aborda uma situa\u00e7\u00e3o vivida por muitos: o momento em que a saudade bate mais forte, e o cora\u00e7\u00e3o insiste em revisitar hist\u00f3rias que ainda t\u00eam marca.\nCom interpreta\u00e7\u00e3o intensa de Gabriel Sabadim e a voz marcante de Mariana Fagundes, a can\u00e7\u00e3o entrega sensibilidade, melodia envolvente e refr\u00e3o memor\u00e1vel.<\/p>\n<!-- \/wp:paragraph -->\n\n<!-- wp:image \"id\":18620,\"sizeSlug\":\"large\",\"linkDestination\":\"none\" -->\n<figure class=\"wp-block-image size-large\"><img decoding=\"async\" src=\"https:\/\/programacamarote.com.br\/wp-content\/uploads\/2025\/11\/bc671191-c511-43df-8744-c989c7ff25d5-576x1024.jpeg\" alt=\"\" class=\"wp-image-18620\"\/><\/figure>\n<!-- \/wp:image -->\n\n<!-- wp:paragraph -->\n<p>Parceria que deu certo<\/p>\n<!-- \/wp:paragraph -->\n\n<!-- wp:paragraph -->\n<p>A participa\u00e7\u00e3o de Mariana Fagundes trouxe ainda mais pot\u00eancia ao projeto. Reconhecida por sua presen\u00e7a na m\u00fasica sertaneja, ela empresta emo\u00e7\u00e3o e autenticidade \u00e0 faixa, criando um dueto equilibrado e envolvente.<\/p>\n<!-- \/wp:paragraph -->\n\n<!-- wp:paragraph -->\n<p>Gabriel Sabadim comemorou o lan\u00e7amento, dizendo:\n\u201cEscute agora em todas as plataformas digitais minha mais nova m\u00fasica de trabalho \u2018Pedindo Reca\u00edda\u2019 com a participa\u00e7\u00e3o da minha grande amiga Mariana Fagundes. Chamaaaaaaaa!\u201d<\/p>\n<!-- \/wp:paragraph -->\n\n<!-- wp:paragraph -->\n<p>Sucesso consolidado no digital\n\u2022 \u2705 +100 mil streams no Spotify\n\u2022 \ud83d\udd25 Crescimento di\u00e1rio em playlists e recomenda\u00e7\u00f5es\n\u2022 \ud83d\udcac Reels e v\u00eddeos virais com trechos da m\u00fasica\n\u2022 \ud83c\udfa4 Reconhecimento crescente entre p\u00fablico sertanejo e universit\u00e1rio<\/p>\n<!-- \/wp:paragraph -->\n\n<!-- wp:image \"id\":18621,\"sizeSlug\":\"large\",\"linkDestination\":\"none\" -->\n<figure class=\"wp-block-image size-large\"><img decoding=\"async\" src=\"https:\/\/programacamarote.com.br\/wp-content\/uploads\/2025\/11\/9f496c09-b092-46a6-97a1-7e9c28afd060-768x1024.jpeg\" alt=\"\" class=\"wp-image-18621\"\/><\/figure>\n<!-- \/wp:image -->\n\n<!-- wp:paragraph -->\n<p>Esse desempenho consolida Gabriel Sabadim como um nome promissor da m\u00fasica nacional, mostrando consist\u00eancia, t\u00e9cnica vocal e forte conex\u00e3o afetiva com o p\u00fablico.<\/p>\n<!-- \/wp:paragraph -->\n\n<!-- wp:paragraph -->\n<p>Dispon\u00edvel em todas as plataformas<\/p>\n<!-- \/wp:paragraph -->\n\n<!-- wp:paragraph -->\n<p>\ud83c\udfa7 Spotify\n\ud83c\udfa7 Deezer\n\ud83c\udfa7 Apple Music\n\ud83c\udfa7 YouTube Music\n\ud83c\udfac E no YouTube, com v\u00eddeo e conte\u00fado promocional<\/p>\n<!-- \/wp:paragraph -->\n\n<!-- wp:image \"id\":18622,\"sizeSlug\":\"large\",\"linkDestination\":\"none\" -->\n<figure class=\"wp-block-image size-large\"><img decoding=\"async\" src=\"https:\/\/programacamarote.com.br\/wp-content\/uploads\/2025\/11\/1c806ff4-50fb-4a00-b4e2-0ebb2852ef05-684x1024.jpeg\" alt=\"\" class=\"wp-image-18622\"\/><\/figure>\n<!-- \/wp:image -->\n\n<!-- wp:paragraph -->\n<p>\ud83d\udc49 Ou\u00e7a agora \u201cPedindo Reca\u00edda\u201d e descubra por que ela j\u00e1 virou a m\u00fasica do momento.\nSiga: @gabrielsabadimoficial e @marianafagundesoficial para acompanhar novidades, bastidores e agenda de shows.<\/p>\n<!-- \/wp:paragraph -->","protected":false},"excerpt":{"rendered":"<p>Lan\u00e7ada recentemente, a m\u00fasica conta com a participa\u00e7\u00e3o de Mariana Fagundes e j\u00e1 conquistou o p\u00fablico nas plataformas digitais A m\u00fasica \u201cPedindo Reca\u00edda\u201d, do cantor Gabriel Sabadim (@gabrielsabadimoficial), vem sendo um dos grandes destaques do momento. Com participa\u00e7\u00e3o especial da cantora Mariana Fagundes, a faixa ultrapassou a marca de 100 mil streams no Spotify, consolidando-se como um dos trabalhos de maior repercuss\u00e3o da carreira do artista junto as m\u00fasicas My Love que contou com a participa\u00e7\u00e3o do Alem\u00e3o do Forr\u00f3 com mais de 300 mil plays e tamb\u00e9m a m\u00fasica Rol\u00ea que contou com a participa\u00e7\u00e3o do cantor Gabriel Gava [\u2026]<\/p>\n","protected":false},"author":1,"featured_media":2365,"comment_status":"closed","ping_status":"open","sticky":false,"template":"","format":"standard","meta":{"footnotes":""},"categories":[89],"tags":[],"class_list":{"0":"post-2366","1":"post","2":"type-post","3":"status-publish","4":"format-standard","5":"has-post-thumbnail","7":"category-musica"},"yoast_head":"<!-- This site is optimized with the Yoast SEO plugin v27.3 - https:\/\/yoast.com\/product\/yoast-seo-wordpress\/ -->\n<title>\u201cPedindo Reca\u00edda\u201d ultrapassa 100 mil streams e coloca Gabriel Sabadim em destaque no cen\u00e1rio musical<\/title>\n<meta name=\"robots\" content=\"index, follow, max-snippet:-1, max-image-preview:large, max-video-preview:-1\" \/>\n<link rel=\"canonical\" href=\"https:\/\/programaareavip.com\/?p=2366\" \/>\n<meta property=\"og:locale\" content=\"pt_BR\" \/>\n<meta property=\"og:type\" content=\"article\" \/>\n<meta property=\"og:title\" content=\"\u201cPedindo Reca\u00edda\u201d ultrapassa 100 mil streams e coloca Gabriel Sabadim em destaque no cen\u00e1rio musical\" \/>\n<meta property=\"og:description\" content=\"Lan\u00e7ada recentemente, a m\u00fasica conta com a participa\u00e7\u00e3o de Mariana Fagundes e j\u00e1 conquistou o p\u00fablico nas plataformas digitais A m\u00fasica \u201cPedindo Reca\u00edda\u201d, do cantor Gabriel Sabadim (@gabrielsabadimoficial), vem sendo um dos grandes destaques do momento. Com participa\u00e7\u00e3o especial da cantora Mariana Fagundes, a faixa ultrapassou a marca de 100 mil streams no Spotify, consolidando-se como um dos trabalhos de maior repercuss\u00e3o da carreira do artista junto as m\u00fasicas My Love que contou com a participa\u00e7\u00e3o do Alem\u00e3o do Forr\u00f3 com mais de 300 mil plays e tamb\u00e9m a m\u00fasica Rol\u00ea que contou com a participa\u00e7\u00e3o do cantor Gabriel Gava [\u2026]\" \/>\n<meta property=\"og:url\" content=\"https:\/\/programaareavip.com\/?p=2366\" \/>\n<meta property=\"og:site_name\" content=\"Programa \u00c1rea Vip\" \/>\n<meta property=\"article:published_time\" content=\"2025-11-28T22:47:16+00:00\" \/>\n<meta property=\"og:image\" content=\"https:\/\/programaareavip.com\/wp-content\/uploads\/2025\/11\/photo-output-19.jpeg\" \/>\n\t<meta property=\"og:image:width\" content=\"2016\" \/>\n\t<meta property=\"og:image:height\" content=\"1134\" \/>\n\t<meta property=\"og:image:type\" content=\"image\/jpeg\" \/>\n<meta name=\"author\" content=\"Matheus Mattuvo\" \/>\n<meta name=\"twitter:card\" content=\"summary_large_image\" \/>\n<meta name=\"twitter:label1\" content=\"Escrito por\" \/>\n\t<meta name=\"twitter:data1\" content=\"Matheus Mattuvo\" \/>\n\t<meta name=\"twitter:label2\" content=\"Est. tempo de leitura\" \/>\n\t<meta name=\"twitter:data2\" content=\"2 minutos\" \/>\n<script type=\"application\/ld+json\" class=\"yoast-schema-graph\">{\"@context\":\"https:\\\/\\\/schema.org\",\"@graph\":[{\"@type\":\"Article\",\"@id\":\"https:\\\/\\\/programaareavip.com\\\/?p=2366#article\",\"isPartOf\":{\"@id\":\"https:\\\/\\\/programaareavip.com\\\/?p=2366\"},\"author\":{\"name\":\"Matheus Mattuvo\",\"@id\":\"https:\\\/\\\/programaareavip.com\\\/#\\\/schema\\\/person\\\/bf31a029ec20a102d7c5dfb6c92d1dc5\"},\"headline\":\"\u201cPedindo Reca\u00edda\u201d ultrapassa 100 mil streams e coloca Gabriel Sabadim em destaque no cen\u00e1rio musical\",\"datePublished\":\"2025-11-28T22:47:16+00:00\",\"mainEntityOfPage\":{\"@id\":\"https:\\\/\\\/programaareavip.com\\\/?p=2366\"},\"wordCount\":441,\"publisher\":{\"@id\":\"https:\\\/\\\/programaareavip.com\\\/#organization\"},\"image\":{\"@id\":\"https:\\\/\\\/programaareavip.com\\\/?p=2366#primaryimage\"},\"thumbnailUrl\":\"https:\\\/\\\/programaareavip.com\\\/wp-content\\\/uploads\\\/2025\\\/11\\\/photo-output-19.jpeg\",\"articleSection\":[\"M\u00fasica\"],\"inLanguage\":\"pt-BR\"},{\"@type\":\"WebPage\",\"@id\":\"https:\\\/\\\/programaareavip.com\\\/?p=2366\",\"url\":\"https:\\\/\\\/programaareavip.com\\\/?p=2366\",\"name\":\"\u201cPedindo Reca\u00edda\u201d ultrapassa 100 mil streams e coloca Gabriel Sabadim em destaque no cen\u00e1rio musical\",\"isPartOf\":{\"@id\":\"https:\\\/\\\/programaareavip.com\\\/#website\"},\"primaryImageOfPage\":{\"@id\":\"https:\\\/\\\/programaareavip.com\\\/?p=2366#primaryimage\"},\"image\":{\"@id\":\"https:\\\/\\\/programaareavip.com\\\/?p=2366#primaryimage\"},\"thumbnailUrl\":\"https:\\\/\\\/programaareavip.com\\\/wp-content\\\/uploads\\\/2025\\\/11\\\/photo-output-19.jpeg\",\"datePublished\":\"2025-11-28T22:47:16+00:00\",\"breadcrumb\":{\"@id\":\"https:\\\/\\\/programaareavip.com\\\/?p=2366#breadcrumb\"},\"inLanguage\":\"pt-BR\",\"potentialAction\":[{\"@type\":\"ReadAction\",\"target\":[\"https:\\\/\\\/programaareavip.com\\\/?p=2366\"]}]},{\"@type\":\"ImageObject\",\"inLanguage\":\"pt-BR\",\"@id\":\"https:\\\/\\\/programaareavip.com\\\/?p=2366#primaryimage\",\"url\":\"https:\\\/\\\/programaareavip.com\\\/wp-content\\\/uploads\\\/2025\\\/11\\\/photo-output-19.jpeg\",\"contentUrl\":\"https:\\\/\\\/programaareavip.com\\\/wp-content\\\/uploads\\\/2025\\\/11\\\/photo-output-19.jpeg\",\"width\":2016,\"height\":1134},{\"@type\":\"BreadcrumbList\",\"@id\":\"https:\\\/\\\/programaareavip.com\\\/?p=2366#breadcrumb\",\"itemListElement\":[{\"@type\":\"ListItem\",\"position\":1,\"name\":\"In\u00edcio\",\"item\":\"https:\\\/\\\/programaareavip.com\\\/\"},{\"@type\":\"ListItem\",\"position\":2,\"name\":\"\u201cPedindo Reca\u00edda\u201d ultrapassa 100 mil streams e coloca Gabriel Sabadim em destaque no cen\u00e1rio musical\"}]},{\"@type\":\"WebSite\",\"@id\":\"https:\\\/\\\/programaareavip.com\\\/#website\",\"url\":\"https:\\\/\\\/programaareavip.com\\\/\",\"name\":\"Programa \u00c1rea Vip\",\"description\":\"Not\u00edcias na palma da sua m\u00e3o\",\"publisher\":{\"@id\":\"https:\\\/\\\/programaareavip.com\\\/#organization\"},\"potentialAction\":[{\"@type\":\"SearchAction\",\"target\":{\"@type\":\"EntryPoint\",\"urlTemplate\":\"https:\\\/\\\/programaareavip.com\\\/?s={search_term_string}\"},\"query-input\":{\"@type\":\"PropertyValueSpecification\",\"valueRequired\":true,\"valueName\":\"search_term_string\"}}],\"inLanguage\":\"pt-BR\"},{\"@type\":\"Organization\",\"@id\":\"https:\\\/\\\/programaareavip.com\\\/#organization\",\"name\":\"Programa \u00c1rea Vip\",\"url\":\"https:\\\/\\\/programaareavip.com\\\/\",\"logo\":{\"@type\":\"ImageObject\",\"inLanguage\":\"pt-BR\",\"@id\":\"https:\\\/\\\/programaareavip.com\\\/#\\\/schema\\\/logo\\\/image\\\/\",\"url\":\"https:\\\/\\\/programaareavip.com\\\/wp-content\\\/uploads\\\/2024\\\/10\\\/cropped-image0-1.jpeg\",\"contentUrl\":\"https:\\\/\\\/programaareavip.com\\\/wp-content\\\/uploads\\\/2024\\\/10\\\/cropped-image0-1.jpeg\",\"width\":512,\"height\":512,\"caption\":\"Programa \u00c1rea Vip\"},\"image\":{\"@id\":\"https:\\\/\\\/programaareavip.com\\\/#\\\/schema\\\/logo\\\/image\\\/\"}},{\"@type\":\"Person\",\"@id\":\"https:\\\/\\\/programaareavip.com\\\/#\\\/schema\\\/person\\\/bf31a029ec20a102d7c5dfb6c92d1dc5\",\"name\":\"Matheus Mattuvo\",\"image\":{\"@type\":\"ImageObject\",\"inLanguage\":\"pt-BR\",\"@id\":\"https:\\\/\\\/secure.gravatar.com\\\/avatar\\\/160fd465491b28b353bd7049ac5a7f96a9766e4186ad78c29ac46f081d4aa7b5?s=96&d=mm&r=g\",\"url\":\"https:\\\/\\\/secure.gravatar.com\\\/avatar\\\/160fd465491b28b353bd7049ac5a7f96a9766e4186ad78c29ac46f081d4aa7b5?s=96&d=mm&r=g\",\"contentUrl\":\"https:\\\/\\\/secure.gravatar.com\\\/avatar\\\/160fd465491b28b353bd7049ac5a7f96a9766e4186ad78c29ac46f081d4aa7b5?s=96&d=mm&r=g\",\"caption\":\"Matheus Mattuvo\"},\"sameAs\":[\"https:\\\/\\\/programaareavip.com\"],\"url\":\"https:\\\/\\\/programaareavip.com\\\/?author=1\"}]}<\/script>\n<!-- \/ Yoast SEO plugin. -->","yoast_head_json":{"title":"\u201cPedindo Reca\u00edda\u201d ultrapassa 100 mil streams e coloca Gabriel Sabadim em destaque no cen\u00e1rio musical","robots":{"index":"index","follow":"follow","max-snippet":"max-snippet:-1","max-image-preview":"max-image-preview:large","max-video-preview":"max-video-preview:-1"},"canonical":"https:\/\/programaareavip.com\/?p=2366","og_locale":"pt_BR","og_type":"article","og_title":"\u201cPedindo Reca\u00edda\u201d ultrapassa 100 mil streams e coloca Gabriel Sabadim em destaque no cen\u00e1rio musical","og_description":"Lan\u00e7ada recentemente, a m\u00fasica conta com a participa\u00e7\u00e3o de Mariana Fagundes e j\u00e1 conquistou o p\u00fablico nas plataformas digitais A m\u00fasica \u201cPedindo Reca\u00edda\u201d, do cantor Gabriel Sabadim (@gabrielsabadimoficial), vem sendo um dos grandes destaques do momento. Com participa\u00e7\u00e3o especial da cantora Mariana Fagundes, a faixa ultrapassou a marca de 100 mil streams no Spotify, consolidando-se como um dos trabalhos de maior repercuss\u00e3o da carreira do artista junto as m\u00fasicas My Love que contou com a participa\u00e7\u00e3o do Alem\u00e3o do Forr\u00f3 com mais de 300 mil plays e tamb\u00e9m a m\u00fasica Rol\u00ea que contou com a participa\u00e7\u00e3o do cantor Gabriel Gava [\u2026]","og_url":"https:\/\/programaareavip.com\/?p=2366","og_site_name":"Programa \u00c1rea Vip","article_published_time":"2025-11-28T22:47:16+00:00","og_image":[{"width":2016,"height":1134,"url":"https:\/\/programaareavip.com\/wp-content\/uploads\/2025\/11\/photo-output-19.jpeg","type":"image\/jpeg"}],"author":"Matheus Mattuvo","twitter_card":"summary_large_image","twitter_misc":{"Escrito por":"Matheus Mattuvo","Est. tempo de leitura":"2 minutos"},"schema":{"@context":"https:\/\/schema.org","@graph":[{"@type":"Article","@id":"https:\/\/programaareavip.com\/?p=2366#article","isPartOf":{"@id":"https:\/\/programaareavip.com\/?p=2366"},"author":{"name":"Matheus Mattuvo","@id":"https:\/\/programaareavip.com\/#\/schema\/person\/bf31a029ec20a102d7c5dfb6c92d1dc5"},"headline":"\u201cPedindo Reca\u00edda\u201d ultrapassa 100 mil streams e coloca Gabriel Sabadim em destaque no cen\u00e1rio musical","datePublished":"2025-11-28T22:47:16+00:00","mainEntityOfPage":{"@id":"https:\/\/programaareavip.com\/?p=2366"},"wordCount":441,"publisher":{"@id":"https:\/\/programaareavip.com\/#organization"},"image":{"@id":"https:\/\/programaareavip.com\/?p=2366#primaryimage"},"thumbnailUrl":"https:\/\/programaareavip.com\/wp-content\/uploads\/2025\/11\/photo-output-19.jpeg","articleSection":["M\u00fasica"],"inLanguage":"pt-BR"},{"@type":"WebPage","@id":"https:\/\/programaareavip.com\/?p=2366","url":"https:\/\/programaareavip.com\/?p=2366","name":"\u201cPedindo Reca\u00edda\u201d ultrapassa 100 mil streams e coloca Gabriel Sabadim em destaque no cen\u00e1rio musical","isPartOf":{"@id":"https:\/\/programaareavip.com\/#website"},"primaryImageOfPage":{"@id":"https:\/\/programaareavip.com\/?p=2366#primaryimage"},"image":{"@id":"https:\/\/programaareavip.com\/?p=2366#primaryimage"},"thumbnailUrl":"https:\/\/programaareavip.com\/wp-content\/uploads\/2025\/11\/photo-output-19.jpeg","datePublished":"2025-11-28T22:47:16+00:00","breadcrumb":{"@id":"https:\/\/programaareavip.com\/?p=2366#breadcrumb"},"inLanguage":"pt-BR","potentialAction":[{"@type":"ReadAction","target":["https:\/\/programaareavip.com\/?p=2366"]}]},{"@type":"ImageObject","inLanguage":"pt-BR","@id":"https:\/\/programaareavip.com\/?p=2366#primaryimage","url":"https:\/\/programaareavip.com\/wp-content\/uploads\/2025\/11\/photo-output-19.jpeg","contentUrl":"https:\/\/programaareavip.com\/wp-content\/uploads\/2025\/11\/photo-output-19.jpeg","width":2016,"height":1134},{"@type":"BreadcrumbList","@id":"https:\/\/programaareavip.com\/?p=2366#breadcrumb","itemListElement":[{"@type":"ListItem","position":1,"name":"In\u00edcio","item":"https:\/\/programaareavip.com\/"},{"@type":"ListItem","position":2,"name":"\u201cPedindo Reca\u00edda\u201d ultrapassa 100 mil streams e coloca Gabriel Sabadim em destaque no cen\u00e1rio musical"}]},{"@type":"WebSite","@id":"https:\/\/programaareavip.com\/#website","url":"https:\/\/programaareavip.com\/","name":"Programa \u00c1rea Vip","description":"Not\u00edcias na palma da sua m\u00e3o","publisher":{"@id":"https:\/\/programaareavip.com\/#organization"},"potentialAction":[{"@type":"SearchAction","target":{"@type":"EntryPoint","urlTemplate":"https:\/\/programaareavip.com\/?s={search_term_string}"},"query-input":{"@type":"PropertyValueSpecification","valueRequired":true,"valueName":"search_term_string"}}],"inLanguage":"pt-BR"},{"@type":"Organization","@id":"https:\/\/programaareavip.com\/#organization","name":"Programa \u00c1rea Vip","url":"https:\/\/programaareavip.com\/","logo":{"@type":"ImageObject","inLanguage":"pt-BR","@id":"https:\/\/programaareavip.com\/#\/schema\/logo\/image\/","url":"https:\/\/programaareavip.com\/wp-content\/uploads\/2024\/10\/cropped-image0-1.jpeg","contentUrl":"https:\/\/programaareavip.com\/wp-content\/uploads\/2024\/10\/cropped-image0-1.jpeg","width":512,"height":512,"caption":"Programa \u00c1rea Vip"},"image":{"@id":"https:\/\/programaareavip.com\/#\/schema\/logo\/image\/"}},{"@type":"Person","@id":"https:\/\/programaareavip.com\/#\/schema\/person\/bf31a029ec20a102d7c5dfb6c92d1dc5","name":"Matheus Mattuvo","image":{"@type":"ImageObject","inLanguage":"pt-BR","@id":"https:\/\/secure.gravatar.com\/avatar\/160fd465491b28b353bd7049ac5a7f96a9766e4186ad78c29ac46f081d4aa7b5?s=96&d=mm&r=g","url":"https:\/\/secure.gravatar.com\/avatar\/160fd465491b28b353bd7049ac5a7f96a9766e4186ad78c29ac46f081d4aa7b5?s=96&d=mm&r=g","contentUrl":"https:\/\/secure.gravatar.com\/avatar\/160fd465491b28b353bd7049ac5a7f96a9766e4186ad78c29ac46f081d4aa7b5?s=96&d=mm&r=g","caption":"Matheus Mattuvo"},"sameAs":["https:\/\/programaareavip.com"],"url":"https:\/\/programaareavip.com\/?author=1"}]}},"_links":{"self":[{"href":"https:\/\/programaareavip.com\/index.php?rest_route=\/wp\/v2\/posts\/2366","targetHints":{"allow":["GET"]}}],"collection":[{"href":"https:\/\/programaareavip.com\/index.php?rest_route=\/wp\/v2\/posts"}],"about":[{"href":"https:\/\/programaareavip.com\/index.php?rest_route=\/wp\/v2\/types\/post"}],"author":[{"embeddable":true,"href":"https:\/\/programaareavip.com\/index.php?rest_route=\/wp\/v2\/users\/1"}],"replies":[{"embeddable":true,"href":"https:\/\/programaareavip.com\/index.php?rest_route=%2Fwp%2Fv2%2Fcomments&post=2366"}],"version-history":[{"count":1,"href":"https:\/\/programaareavip.com\/index.php?rest_route=\/wp\/v2\/posts\/2366\/revisions"}],"predecessor-version":[{"id":2367,"href":"https:\/\/programaareavip.com\/index.php?rest_route=\/wp\/v2\/posts\/2366\/revisions\/2367"}],"wp:featuredmedia":[{"embeddable":true,"href":"https:\/\/programaareavip.com\/index.php?rest_route=\/wp\/v2\/media\/2365"}],"wp:attachment":[{"href":"https:\/\/programaareavip.com\/index.php?rest_route=%2Fwp%2Fv2%2Fmedia&parent=2366"}],"wp:term":[{"taxonomy":"category","embeddable":true,"href":"https:\/\/programaareavip.com\/index.php?rest_route=%2Fwp%2Fv2%2Fcategories&post=2366"},{"taxonomy":"post_tag","embeddable":true,"href":"https:\/\/programaareavip.com\/index.php?rest_route=%2Fwp%2Fv2%2Ftags&post=2366"}],"curies":[{"name":"wp","href":"https:\/\/api.w.org\/{rel}","templated":true}]}}