{"id":2182,"date":"2025-10-31T16:22:45","date_gmt":"2025-10-31T16:22:45","guid":{"rendered":"https:\/\/programaareavip.com\/?p=2182"},"modified":"2025-10-31T16:22:45","modified_gmt":"2025-10-31T16:22:45","slug":"encontro-de-gigantes-joel-jota-recebe-flavio-augusto-na-nova-temporada-do-jota-jota-podcast-nesta-terca-04","status":"publish","type":"post","link":"https:\/\/programaareavip.com\/?p=2182","title":{"rendered":"Encontro de gigantes: Joel Jota recebe Fl\u00e1vio Augusto na nova temporada do Jota Jota Podcast nesta ter\u00e7a (04)"},"content":{"rendered":"\n<p><em>H\u00e1 3 anos como o podcast de neg\u00f3cios mais ouvido do Brasil, o Jota Jota ultrapassa 245 epis\u00f3dios e mais de 229 milh\u00f5es de visualiza\u00e7\u00f5es. A nova temporada tamb\u00e9m trar\u00e1 conversas profundas com Bianca Andrade, Fabr\u00edcio Carpinejar e Tallis Gomes<\/em><\/p>\n\n\n<!-- wp:image \"id\":17604,\"sizeSlug\":\"large\",\"linkDestination\":\"none\" -->\n<figure class=\"wp-block-image size-large\"><img decoding=\"async\" src=\"https:\/\/programacamarote.com.br\/wp-content\/uploads\/2025\/10\/IMG_0945-1024x576.jpeg\" alt=\"\" class=\"wp-image-17604\"\/><\/figure>\n<!-- \/wp:post-content -->\n\n<!-- wp:paragraph -->\n<p>Refer\u00eancia nacional em desenvolvimento pessoal, empresarial e alta performance, Joel Jota anuncia a nova temporada do Jota Jota Podcast, que estreia na pr\u00f3xima ter\u00e7a-feira, dia 4 de novembro, \u00e0s 12h, no YouTube e Spotify. Consolidado como o podcast de neg\u00f3cios mais ouvido do Brasil, o programa entra em uma nova fase com o objetivo de trazer mais sentimento, sentido e profundidade para as conversas.<\/p>\n<!-- \/wp:paragraph -->\n\n<!-- wp:paragraph -->\n<p>O epis\u00f3dio de estreia traz uma participa\u00e7\u00e3o pra l\u00e1 de especial: Fl\u00e1vio Augusto, empres\u00e1rio, fundador da Wise Up, presidente da Wiser Educa\u00e7\u00e3o e co-fundador, junto com Joel Jota, da Mentoring League Society, al\u00e9m de um dos maiores nomes do empreendedorismo e da educa\u00e7\u00e3o de neg\u00f3cios no pa\u00eds. O reencontro entre os dois n\u00e3o \u00e9 in\u00e9dito, h\u00e1 cerca de tr\u00eas anos, Fl\u00e1vio participou de um dos epis\u00f3dios mais vistos do canal, com mais de 1 milh\u00e3o de visualiza\u00e7\u00f5es, que marcou profundamente o p\u00fablico do podcast que aguardava o reencontro.\u00a0<\/p>\n<!-- \/wp:paragraph -->\n\n<!-- wp:paragraph -->\n<p>S\u00f3cios tamb\u00e9m n\u2019A TRINCA, um movimento educacional voltado para empres\u00e1rios e l\u00edderes que buscam crescimento, Joel e Fl\u00e1vio compartilham uma trajet\u00f3ria de admira\u00e7\u00e3o e aprendizado m\u00fatuo. O novo epis\u00f3dio promete um papo ainda mais maduro e profundo, revisitando temas como empreendedorismo, prop\u00f3sito e vis\u00e3o de futuro, pilares que ambos defendem em suas carreiras.<\/p>\n<!-- \/wp:paragraph -->\n\n<!-- wp:paragraph -->\n<p>Nas redes sociais, o p\u00fablico j\u00e1 demonstra ansiedade e entusiasmo com os teasers divulgados:\u00a0 \u201cJoel Jota j\u00e1 ajudou tanta gente com seus podcasts, e com os livros ent\u00e3o, nem se fala! Agora eu fico me perguntando: como ele vai elevar o n\u00edvel mais ainda? S\u00f3 se Deus voltar. Bora aguardar essa nova evolu\u00e7\u00e3o!\u201d e \u201cVem a\u00ed o novo formato do Podcast do Joel com muito network, performance, foco e consist\u00eancia no cuidado com pessoas!!\u201d s\u00e3o alguns dos coment\u00e1rios que refor\u00e7am a expectativa pela nova fase.<\/p>\n<!-- \/wp:paragraph -->\n\n<!-- wp:paragraph -->\n<p>Segundo Joel, o novo formato nasce da necessidade de resgatar a escuta em meio ao excesso de vozes na internet: \u201cPerguntas bem feitas geram um papo mais profundo e conex\u00f5es verdadeiras. Hoje, muita gente quer ir mais fundo, mas poucas param para escutar.\u201d<\/p>\n<!-- \/wp:paragraph -->\n\n<!-- wp:paragraph -->\n<p>Entre os convidados al\u00e9m de Fl\u00e1vio Augusto, para os pr\u00f3ximos epis\u00f3dios est\u00e3o confirmados nomes como Bianca Andrade (empres\u00e1ria e fundadora da marca Boca Rosa), o poeta Fabr\u00edcio Carpinejar, o empreendedor Tallis Gomes (fundador do G4 Educa\u00e7\u00e3o) e artista pl\u00e1stico Cain\u00e3 Gartner. Todos trar\u00e3o conversas que unem neg\u00f3cios, vida e alta performance sob diferentes perspectivas.<\/p>\n<!-- \/wp:paragraph -->\n\n<!-- wp:paragraph -->\n<p>Com mais de 245 epis\u00f3dios, 2.4 milh\u00f5es de ouvintes e mais de 229 milh\u00f5es de visualiza\u00e7\u00f5es no Youtube e Spotify, o Jota Jota Podcast segue reafirmando seu papel como uma das principais refer\u00eancias em conte\u00fado sobre carreira, sa\u00fade e fam\u00edlia, os tr\u00eas pilares que Joel considera essenciais para alcan\u00e7ar o m\u00e1ximo desempenho dentro e fora dos neg\u00f3cios.<\/p>\n<!-- \/wp:paragraph -->\n\n<!-- wp:paragraph -->\n<p>\u201cO Jota Jota \u00e9 uma ponte entre o conhecimento e a a\u00e7\u00e3o. A nova temporada chega para provocar reflex\u00f5es que se transformem em resultados reais, tanto na vida pessoal quanto nos neg\u00f3cios\u201d, conclui Joel Jota.<\/p>\n<!-- \/wp:paragraph -->","protected":false},"excerpt":{"rendered":"<p>H\u00e1 3 anos como o podcast de neg\u00f3cios mais ouvido do Brasil, o Jota Jota ultrapassa 245 epis\u00f3dios e mais de 229 milh\u00f5es de visualiza\u00e7\u00f5es. A nova temporada tamb\u00e9m trar\u00e1 conversas profundas com Bianca Andrade, Fabr\u00edcio Carpinejar e Tallis Gomes Refer\u00eancia nacional em desenvolvimento pessoal, empresarial e alta performance, Joel Jota anuncia a nova temporada do Jota Jota Podcast, que estreia na pr\u00f3xima ter\u00e7a-feira, dia 4 de novembro, \u00e0s 12h, no YouTube e Spotify. Consolidado como o podcast de neg\u00f3cios mais ouvido do Brasil, o programa entra em uma nova fase com o objetivo de trazer mais sentimento, sentido e [\u2026]<\/p>\n","protected":false},"author":1,"featured_media":2181,"comment_status":"closed","ping_status":"open","sticky":false,"template":"","format":"standard","meta":{"footnotes":""},"categories":[135],"tags":[],"class_list":{"0":"post-2182","1":"post","2":"type-post","3":"status-publish","4":"format-standard","5":"has-post-thumbnail","7":"category-destaque"},"yoast_head":"<!-- This site is optimized with the Yoast SEO plugin v27.3 - https:\/\/yoast.com\/product\/yoast-seo-wordpress\/ -->\n<title>Encontro de gigantes: Joel Jota recebe Fl\u00e1vio Augusto na nova temporada do Jota Jota Podcast nesta ter\u00e7a (04)<\/title>\n<meta name=\"robots\" content=\"index, follow, max-snippet:-1, max-image-preview:large, max-video-preview:-1\" \/>\n<link rel=\"canonical\" href=\"https:\/\/programaareavip.com\/?p=2182\" \/>\n<meta property=\"og:locale\" content=\"pt_BR\" \/>\n<meta property=\"og:type\" content=\"article\" \/>\n<meta property=\"og:title\" content=\"Encontro de gigantes: Joel Jota recebe Fl\u00e1vio Augusto na nova temporada do Jota Jota Podcast nesta ter\u00e7a (04)\" \/>\n<meta property=\"og:description\" content=\"H\u00e1 3 anos como o podcast de neg\u00f3cios mais ouvido do Brasil, o Jota Jota ultrapassa 245 epis\u00f3dios e mais de 229 milh\u00f5es de visualiza\u00e7\u00f5es. A nova temporada tamb\u00e9m trar\u00e1 conversas profundas com Bianca Andrade, Fabr\u00edcio Carpinejar e Tallis Gomes Refer\u00eancia nacional em desenvolvimento pessoal, empresarial e alta performance, Joel Jota anuncia a nova temporada do Jota Jota Podcast, que estreia na pr\u00f3xima ter\u00e7a-feira, dia 4 de novembro, \u00e0s 12h, no YouTube e Spotify. Consolidado como o podcast de neg\u00f3cios mais ouvido do Brasil, o programa entra em uma nova fase com o objetivo de trazer mais sentimento, sentido e [\u2026]\" \/>\n<meta property=\"og:url\" content=\"https:\/\/programaareavip.com\/?p=2182\" \/>\n<meta property=\"og:site_name\" content=\"Programa \u00c1rea Vip\" \/>\n<meta property=\"article:published_time\" content=\"2025-10-31T16:22:45+00:00\" \/>\n<meta property=\"og:image\" content=\"https:\/\/programaareavip.com\/wp-content\/uploads\/2025\/10\/IMG_0945.jpeg\" \/>\n\t<meta property=\"og:image:width\" content=\"1280\" \/>\n\t<meta property=\"og:image:height\" content=\"720\" \/>\n\t<meta property=\"og:image:type\" content=\"image\/jpeg\" \/>\n<meta name=\"author\" content=\"Matheus Mattuvo\" \/>\n<meta name=\"twitter:card\" content=\"summary_large_image\" \/>\n<meta name=\"twitter:label1\" content=\"Escrito por\" \/>\n\t<meta name=\"twitter:data1\" content=\"Matheus Mattuvo\" \/>\n\t<meta name=\"twitter:label2\" content=\"Est. tempo de leitura\" \/>\n\t<meta name=\"twitter:data2\" content=\"3 minutos\" \/>\n<script type=\"application\/ld+json\" class=\"yoast-schema-graph\">{\"@context\":\"https:\\\/\\\/schema.org\",\"@graph\":[{\"@type\":\"Article\",\"@id\":\"https:\\\/\\\/programaareavip.com\\\/?p=2182#article\",\"isPartOf\":{\"@id\":\"https:\\\/\\\/programaareavip.com\\\/?p=2182\"},\"author\":{\"name\":\"Matheus Mattuvo\",\"@id\":\"https:\\\/\\\/programaareavip.com\\\/#\\\/schema\\\/person\\\/bf31a029ec20a102d7c5dfb6c92d1dc5\"},\"headline\":\"Encontro de gigantes: Joel Jota recebe Fl\u00e1vio Augusto na nova temporada do Jota Jota Podcast nesta ter\u00e7a (04)\",\"datePublished\":\"2025-10-31T16:22:45+00:00\",\"mainEntityOfPage\":{\"@id\":\"https:\\\/\\\/programaareavip.com\\\/?p=2182\"},\"wordCount\":602,\"publisher\":{\"@id\":\"https:\\\/\\\/programaareavip.com\\\/#organization\"},\"image\":{\"@id\":\"https:\\\/\\\/programaareavip.com\\\/?p=2182#primaryimage\"},\"thumbnailUrl\":\"https:\\\/\\\/programaareavip.com\\\/wp-content\\\/uploads\\\/2025\\\/10\\\/IMG_0945.jpeg\",\"articleSection\":[\"Destaque\"],\"inLanguage\":\"pt-BR\"},{\"@type\":\"WebPage\",\"@id\":\"https:\\\/\\\/programaareavip.com\\\/?p=2182\",\"url\":\"https:\\\/\\\/programaareavip.com\\\/?p=2182\",\"name\":\"Encontro de gigantes: Joel Jota recebe Fl\u00e1vio Augusto na nova temporada do Jota Jota Podcast nesta ter\u00e7a (04)\",\"isPartOf\":{\"@id\":\"https:\\\/\\\/programaareavip.com\\\/#website\"},\"primaryImageOfPage\":{\"@id\":\"https:\\\/\\\/programaareavip.com\\\/?p=2182#primaryimage\"},\"image\":{\"@id\":\"https:\\\/\\\/programaareavip.com\\\/?p=2182#primaryimage\"},\"thumbnailUrl\":\"https:\\\/\\\/programaareavip.com\\\/wp-content\\\/uploads\\\/2025\\\/10\\\/IMG_0945.jpeg\",\"datePublished\":\"2025-10-31T16:22:45+00:00\",\"breadcrumb\":{\"@id\":\"https:\\\/\\\/programaareavip.com\\\/?p=2182#breadcrumb\"},\"inLanguage\":\"pt-BR\",\"potentialAction\":[{\"@type\":\"ReadAction\",\"target\":[\"https:\\\/\\\/programaareavip.com\\\/?p=2182\"]}]},{\"@type\":\"ImageObject\",\"inLanguage\":\"pt-BR\",\"@id\":\"https:\\\/\\\/programaareavip.com\\\/?p=2182#primaryimage\",\"url\":\"https:\\\/\\\/programaareavip.com\\\/wp-content\\\/uploads\\\/2025\\\/10\\\/IMG_0945.jpeg\",\"contentUrl\":\"https:\\\/\\\/programaareavip.com\\\/wp-content\\\/uploads\\\/2025\\\/10\\\/IMG_0945.jpeg\",\"width\":1280,\"height\":720},{\"@type\":\"BreadcrumbList\",\"@id\":\"https:\\\/\\\/programaareavip.com\\\/?p=2182#breadcrumb\",\"itemListElement\":[{\"@type\":\"ListItem\",\"position\":1,\"name\":\"In\u00edcio\",\"item\":\"https:\\\/\\\/programaareavip.com\\\/\"},{\"@type\":\"ListItem\",\"position\":2,\"name\":\"Encontro de gigantes: Joel Jota recebe Fl\u00e1vio Augusto na nova temporada do Jota Jota Podcast nesta ter\u00e7a (04)\"}]},{\"@type\":\"WebSite\",\"@id\":\"https:\\\/\\\/programaareavip.com\\\/#website\",\"url\":\"https:\\\/\\\/programaareavip.com\\\/\",\"name\":\"Programa \u00c1rea Vip\",\"description\":\"Not\u00edcias na palma da sua m\u00e3o\",\"publisher\":{\"@id\":\"https:\\\/\\\/programaareavip.com\\\/#organization\"},\"potentialAction\":[{\"@type\":\"SearchAction\",\"target\":{\"@type\":\"EntryPoint\",\"urlTemplate\":\"https:\\\/\\\/programaareavip.com\\\/?s={search_term_string}\"},\"query-input\":{\"@type\":\"PropertyValueSpecification\",\"valueRequired\":true,\"valueName\":\"search_term_string\"}}],\"inLanguage\":\"pt-BR\"},{\"@type\":\"Organization\",\"@id\":\"https:\\\/\\\/programaareavip.com\\\/#organization\",\"name\":\"Programa \u00c1rea Vip\",\"url\":\"https:\\\/\\\/programaareavip.com\\\/\",\"logo\":{\"@type\":\"ImageObject\",\"inLanguage\":\"pt-BR\",\"@id\":\"https:\\\/\\\/programaareavip.com\\\/#\\\/schema\\\/logo\\\/image\\\/\",\"url\":\"https:\\\/\\\/programaareavip.com\\\/wp-content\\\/uploads\\\/2024\\\/10\\\/cropped-image0-1.jpeg\",\"contentUrl\":\"https:\\\/\\\/programaareavip.com\\\/wp-content\\\/uploads\\\/2024\\\/10\\\/cropped-image0-1.jpeg\",\"width\":512,\"height\":512,\"caption\":\"Programa \u00c1rea Vip\"},\"image\":{\"@id\":\"https:\\\/\\\/programaareavip.com\\\/#\\\/schema\\\/logo\\\/image\\\/\"}},{\"@type\":\"Person\",\"@id\":\"https:\\\/\\\/programaareavip.com\\\/#\\\/schema\\\/person\\\/bf31a029ec20a102d7c5dfb6c92d1dc5\",\"name\":\"Matheus Mattuvo\",\"image\":{\"@type\":\"ImageObject\",\"inLanguage\":\"pt-BR\",\"@id\":\"https:\\\/\\\/secure.gravatar.com\\\/avatar\\\/160fd465491b28b353bd7049ac5a7f96a9766e4186ad78c29ac46f081d4aa7b5?s=96&d=mm&r=g\",\"url\":\"https:\\\/\\\/secure.gravatar.com\\\/avatar\\\/160fd465491b28b353bd7049ac5a7f96a9766e4186ad78c29ac46f081d4aa7b5?s=96&d=mm&r=g\",\"contentUrl\":\"https:\\\/\\\/secure.gravatar.com\\\/avatar\\\/160fd465491b28b353bd7049ac5a7f96a9766e4186ad78c29ac46f081d4aa7b5?s=96&d=mm&r=g\",\"caption\":\"Matheus Mattuvo\"},\"sameAs\":[\"https:\\\/\\\/programaareavip.com\"],\"url\":\"https:\\\/\\\/programaareavip.com\\\/?author=1\"}]}<\/script>\n<!-- \/ Yoast SEO plugin. -->","yoast_head_json":{"title":"Encontro de gigantes: Joel Jota recebe Fl\u00e1vio Augusto na nova temporada do Jota Jota Podcast nesta ter\u00e7a (04)","robots":{"index":"index","follow":"follow","max-snippet":"max-snippet:-1","max-image-preview":"max-image-preview:large","max-video-preview":"max-video-preview:-1"},"canonical":"https:\/\/programaareavip.com\/?p=2182","og_locale":"pt_BR","og_type":"article","og_title":"Encontro de gigantes: Joel Jota recebe Fl\u00e1vio Augusto na nova temporada do Jota Jota Podcast nesta ter\u00e7a (04)","og_description":"H\u00e1 3 anos como o podcast de neg\u00f3cios mais ouvido do Brasil, o Jota Jota ultrapassa 245 epis\u00f3dios e mais de 229 milh\u00f5es de visualiza\u00e7\u00f5es. A nova temporada tamb\u00e9m trar\u00e1 conversas profundas com Bianca Andrade, Fabr\u00edcio Carpinejar e Tallis Gomes Refer\u00eancia nacional em desenvolvimento pessoal, empresarial e alta performance, Joel Jota anuncia a nova temporada do Jota Jota Podcast, que estreia na pr\u00f3xima ter\u00e7a-feira, dia 4 de novembro, \u00e0s 12h, no YouTube e Spotify. Consolidado como o podcast de neg\u00f3cios mais ouvido do Brasil, o programa entra em uma nova fase com o objetivo de trazer mais sentimento, sentido e [\u2026]","og_url":"https:\/\/programaareavip.com\/?p=2182","og_site_name":"Programa \u00c1rea Vip","article_published_time":"2025-10-31T16:22:45+00:00","og_image":[{"width":1280,"height":720,"url":"https:\/\/programaareavip.com\/wp-content\/uploads\/2025\/10\/IMG_0945.jpeg","type":"image\/jpeg"}],"author":"Matheus Mattuvo","twitter_card":"summary_large_image","twitter_misc":{"Escrito por":"Matheus Mattuvo","Est. tempo de leitura":"3 minutos"},"schema":{"@context":"https:\/\/schema.org","@graph":[{"@type":"Article","@id":"https:\/\/programaareavip.com\/?p=2182#article","isPartOf":{"@id":"https:\/\/programaareavip.com\/?p=2182"},"author":{"name":"Matheus Mattuvo","@id":"https:\/\/programaareavip.com\/#\/schema\/person\/bf31a029ec20a102d7c5dfb6c92d1dc5"},"headline":"Encontro de gigantes: Joel Jota recebe Fl\u00e1vio Augusto na nova temporada do Jota Jota Podcast nesta ter\u00e7a (04)","datePublished":"2025-10-31T16:22:45+00:00","mainEntityOfPage":{"@id":"https:\/\/programaareavip.com\/?p=2182"},"wordCount":602,"publisher":{"@id":"https:\/\/programaareavip.com\/#organization"},"image":{"@id":"https:\/\/programaareavip.com\/?p=2182#primaryimage"},"thumbnailUrl":"https:\/\/programaareavip.com\/wp-content\/uploads\/2025\/10\/IMG_0945.jpeg","articleSection":["Destaque"],"inLanguage":"pt-BR"},{"@type":"WebPage","@id":"https:\/\/programaareavip.com\/?p=2182","url":"https:\/\/programaareavip.com\/?p=2182","name":"Encontro de gigantes: Joel Jota recebe Fl\u00e1vio Augusto na nova temporada do Jota Jota Podcast nesta ter\u00e7a (04)","isPartOf":{"@id":"https:\/\/programaareavip.com\/#website"},"primaryImageOfPage":{"@id":"https:\/\/programaareavip.com\/?p=2182#primaryimage"},"image":{"@id":"https:\/\/programaareavip.com\/?p=2182#primaryimage"},"thumbnailUrl":"https:\/\/programaareavip.com\/wp-content\/uploads\/2025\/10\/IMG_0945.jpeg","datePublished":"2025-10-31T16:22:45+00:00","breadcrumb":{"@id":"https:\/\/programaareavip.com\/?p=2182#breadcrumb"},"inLanguage":"pt-BR","potentialAction":[{"@type":"ReadAction","target":["https:\/\/programaareavip.com\/?p=2182"]}]},{"@type":"ImageObject","inLanguage":"pt-BR","@id":"https:\/\/programaareavip.com\/?p=2182#primaryimage","url":"https:\/\/programaareavip.com\/wp-content\/uploads\/2025\/10\/IMG_0945.jpeg","contentUrl":"https:\/\/programaareavip.com\/wp-content\/uploads\/2025\/10\/IMG_0945.jpeg","width":1280,"height":720},{"@type":"BreadcrumbList","@id":"https:\/\/programaareavip.com\/?p=2182#breadcrumb","itemListElement":[{"@type":"ListItem","position":1,"name":"In\u00edcio","item":"https:\/\/programaareavip.com\/"},{"@type":"ListItem","position":2,"name":"Encontro de gigantes: Joel Jota recebe Fl\u00e1vio Augusto na nova temporada do Jota Jota Podcast nesta ter\u00e7a (04)"}]},{"@type":"WebSite","@id":"https:\/\/programaareavip.com\/#website","url":"https:\/\/programaareavip.com\/","name":"Programa \u00c1rea Vip","description":"Not\u00edcias na palma da sua m\u00e3o","publisher":{"@id":"https:\/\/programaareavip.com\/#organization"},"potentialAction":[{"@type":"SearchAction","target":{"@type":"EntryPoint","urlTemplate":"https:\/\/programaareavip.com\/?s={search_term_string}"},"query-input":{"@type":"PropertyValueSpecification","valueRequired":true,"valueName":"search_term_string"}}],"inLanguage":"pt-BR"},{"@type":"Organization","@id":"https:\/\/programaareavip.com\/#organization","name":"Programa \u00c1rea Vip","url":"https:\/\/programaareavip.com\/","logo":{"@type":"ImageObject","inLanguage":"pt-BR","@id":"https:\/\/programaareavip.com\/#\/schema\/logo\/image\/","url":"https:\/\/programaareavip.com\/wp-content\/uploads\/2024\/10\/cropped-image0-1.jpeg","contentUrl":"https:\/\/programaareavip.com\/wp-content\/uploads\/2024\/10\/cropped-image0-1.jpeg","width":512,"height":512,"caption":"Programa \u00c1rea Vip"},"image":{"@id":"https:\/\/programaareavip.com\/#\/schema\/logo\/image\/"}},{"@type":"Person","@id":"https:\/\/programaareavip.com\/#\/schema\/person\/bf31a029ec20a102d7c5dfb6c92d1dc5","name":"Matheus Mattuvo","image":{"@type":"ImageObject","inLanguage":"pt-BR","@id":"https:\/\/secure.gravatar.com\/avatar\/160fd465491b28b353bd7049ac5a7f96a9766e4186ad78c29ac46f081d4aa7b5?s=96&d=mm&r=g","url":"https:\/\/secure.gravatar.com\/avatar\/160fd465491b28b353bd7049ac5a7f96a9766e4186ad78c29ac46f081d4aa7b5?s=96&d=mm&r=g","contentUrl":"https:\/\/secure.gravatar.com\/avatar\/160fd465491b28b353bd7049ac5a7f96a9766e4186ad78c29ac46f081d4aa7b5?s=96&d=mm&r=g","caption":"Matheus Mattuvo"},"sameAs":["https:\/\/programaareavip.com"],"url":"https:\/\/programaareavip.com\/?author=1"}]}},"_links":{"self":[{"href":"https:\/\/programaareavip.com\/index.php?rest_route=\/wp\/v2\/posts\/2182","targetHints":{"allow":["GET"]}}],"collection":[{"href":"https:\/\/programaareavip.com\/index.php?rest_route=\/wp\/v2\/posts"}],"about":[{"href":"https:\/\/programaareavip.com\/index.php?rest_route=\/wp\/v2\/types\/post"}],"author":[{"embeddable":true,"href":"https:\/\/programaareavip.com\/index.php?rest_route=\/wp\/v2\/users\/1"}],"replies":[{"embeddable":true,"href":"https:\/\/programaareavip.com\/index.php?rest_route=%2Fwp%2Fv2%2Fcomments&post=2182"}],"version-history":[{"count":1,"href":"https:\/\/programaareavip.com\/index.php?rest_route=\/wp\/v2\/posts\/2182\/revisions"}],"predecessor-version":[{"id":2183,"href":"https:\/\/programaareavip.com\/index.php?rest_route=\/wp\/v2\/posts\/2182\/revisions\/2183"}],"wp:featuredmedia":[{"embeddable":true,"href":"https:\/\/programaareavip.com\/index.php?rest_route=\/wp\/v2\/media\/2181"}],"wp:attachment":[{"href":"https:\/\/programaareavip.com\/index.php?rest_route=%2Fwp%2Fv2%2Fmedia&parent=2182"}],"wp:term":[{"taxonomy":"category","embeddable":true,"href":"https:\/\/programaareavip.com\/index.php?rest_route=%2Fwp%2Fv2%2Fcategories&post=2182"},{"taxonomy":"post_tag","embeddable":true,"href":"https:\/\/programaareavip.com\/index.php?rest_route=%2Fwp%2Fv2%2Ftags&post=2182"}],"curies":[{"name":"wp","href":"https:\/\/api.w.org\/{rel}","templated":true}]}}