{"id":2169,"date":"2025-10-30T17:55:27","date_gmt":"2025-10-30T17:55:27","guid":{"rendered":"https:\/\/programaareavip.com\/?p=2169"},"modified":"2025-10-30T17:55:27","modified_gmt":"2025-10-30T17:55:27","slug":"apos-gravacao-historica-de-dvd-luan-santana-leva-turne-luan-ao-vivo-na-lua-para-franca-suica-e-inglaterra","status":"publish","type":"post","link":"https:\/\/programaareavip.com\/?p=2169","title":{"rendered":"Ap\u00f3s grava\u00e7\u00e3o hist\u00f3rica de DVD, Luan Santana leva turn\u00ea \u201cLuan Ao Vivo Na Lua\u201d para Fran\u00e7a, Su\u00ed\u00e7a e Inglaterra"},"content":{"rendered":"\n<p><em>Com shows marcados em tr\u00eas pa\u00edses, cantor amplia sua carreira internacional<\/em><\/p>\n\n\n\n<p>Ainda colhendo frutos da fenomenal grava\u00e7\u00e3o do seu novo projeto audiovisual, &#8220;Registro Hist\u00f3rico&#8221;, em Curitiba, Luan Santana segue com a turn\u00ea \u201cLuan Ao Vivo Na Lua\u201d. O cantor embarcou hoje para a Fran\u00e7a para uma sequ\u00eancia especial de apresenta\u00e7\u00f5es na Europa, come\u00e7ando na sexta-feira, 31 de outubro, em Paris, na renomada casa de shows Z\u00e9nith Paris | La Villette, com capacidade para quase 7 mil pessoas. Na sequ\u00eancia, o artista segue para Su\u00ed\u00e7a e Londres.\nA apresenta\u00e7\u00e3o em Genebra ser\u00e1 no dia 1\u00ba de novembro, na Geneve Arena. O giro europeu se encerra em Londres, no dia 2, na Ovo Arena Wembley, palco que j\u00e1 recebeu os maiores nomes da m\u00fasica mundial como Queen, Michael Jackson, The Rolling Stones, Madonna e Beyonc\u00e9.<\/p>\n\n\n\n<p>\u201cLuan Ao Vivo Na Lua\u201d j\u00e1 percorreu dezenas de cidades brasileiras e conquistou Portugal com quatro shows esgotados na Meo Arena, em Lisboa, no m\u00eas de agosto, reunindo mais de 80 mil f\u00e3s. No repert\u00f3rio, n\u00e3o faltam hits que marcaram gera\u00e7\u00f5es do cantor, como \u201cMorena\u201d, \u201cTudo O Que Voc\u00ea Quiser\u201d, \u201cAmar N\u00e3o \u00c9 Pecado\u201d, \u201cOlho Marrom\u201d, \u201cDona\u201d, \u201cMulher Segura\u201d, \u201cSinais\u201d, e \u201cMeteoro\u201d.<\/p>\n\n\n\n<p>Para quem est\u00e1 do outro lado do Atl\u00e2ntico, essa ser\u00e1 a oportunidade exclusiva de assistir ao espet\u00e1culo \u201cLuan Ao vivo na Lua\u201d, projeto que coleciona grandes \u00eaxitos e n\u00fameros. Vale ressaltar que essa ser\u00e1 a \u00faltima apresenta\u00e7\u00e3o da turn\u00ea na Europa.<\/p>\n\n\n\n<p>Confira agenda do cantor pela Europa:<\/p>\n\n\n\n<p>Paris \u2013 31\/10 \u2013 Z\u00e9nith Paris | La Villette\nGenebra \u2013 01\/11 \u2013 Geneve Arena\nLondres \u2013 02\/11 \u2013 Ovo Arena Wembley<\/p>\n\n\n<!-- wp:image \"id\":17543,\"sizeSlug\":\"large\",\"linkDestination\":\"none\" -->\n<figure class=\"wp-block-image size-large\"><img decoding=\"async\" src=\"https:\/\/programacamarote.com.br\/wp-content\/uploads\/2025\/10\/1369add4-48a4-40ea-8894-295b1d36c1d2-1024x682.jpeg\" alt=\"\" class=\"wp-image-17543\"\/><\/figure>\n<!-- \/wp:post-content -->\n\n<!-- wp:paragraph -->\n<p>Por Eryck Patryck<\/p>\n<!-- \/wp:paragraph -->","protected":false},"excerpt":{"rendered":"<p>Com shows marcados em tr\u00eas pa\u00edses, cantor amplia sua carreira internacional Ainda colhendo frutos da fenomenal grava\u00e7\u00e3o do seu novo projeto audiovisual, \u201cRegistro Hist\u00f3rico\u201d, em Curitiba, Luan Santana segue com a turn\u00ea \u201cLuan Ao Vivo Na Lua\u201d. O cantor embarcou hoje para a Fran\u00e7a para uma sequ\u00eancia especial de apresenta\u00e7\u00f5es na Europa, come\u00e7ando na sexta-feira, 31 de outubro, em Paris, na renomada casa de shows Z\u00e9nith Paris | La Villette, com capacidade para quase 7 mil pessoas. Na sequ\u00eancia, o artista segue para Su\u00ed\u00e7a e Londres.A apresenta\u00e7\u00e3o em Genebra ser\u00e1 no dia 1\u00ba de novembro, na Geneve Arena. O giro [\u2026]<\/p>\n","protected":false},"author":1,"featured_media":2168,"comment_status":"closed","ping_status":"open","sticky":false,"template":"","format":"standard","meta":{"footnotes":""},"categories":[89],"tags":[],"class_list":{"0":"post-2169","1":"post","2":"type-post","3":"status-publish","4":"format-standard","5":"has-post-thumbnail","7":"category-musica"},"yoast_head":"<!-- This site is optimized with the Yoast SEO plugin v27.3 - https:\/\/yoast.com\/product\/yoast-seo-wordpress\/ -->\n<title>Ap\u00f3s grava\u00e7\u00e3o hist\u00f3rica de DVD, Luan Santana leva turn\u00ea \u201cLuan Ao Vivo Na Lua\u201d para Fran\u00e7a, Su\u00ed\u00e7a e Inglaterra<\/title>\n<meta name=\"robots\" content=\"index, follow, max-snippet:-1, max-image-preview:large, max-video-preview:-1\" \/>\n<link rel=\"canonical\" href=\"https:\/\/programaareavip.com\/?p=2169\" \/>\n<meta property=\"og:locale\" content=\"pt_BR\" \/>\n<meta property=\"og:type\" content=\"article\" \/>\n<meta property=\"og:title\" content=\"Ap\u00f3s grava\u00e7\u00e3o hist\u00f3rica de DVD, Luan Santana leva turn\u00ea \u201cLuan Ao Vivo Na Lua\u201d para Fran\u00e7a, Su\u00ed\u00e7a e Inglaterra\" \/>\n<meta property=\"og:description\" content=\"Com shows marcados em tr\u00eas pa\u00edses, cantor amplia sua carreira internacional Ainda colhendo frutos da fenomenal grava\u00e7\u00e3o do seu novo projeto audiovisual, \u201cRegistro Hist\u00f3rico\u201d, em Curitiba, Luan Santana segue com a turn\u00ea \u201cLuan Ao Vivo Na Lua\u201d. O cantor embarcou hoje para a Fran\u00e7a para uma sequ\u00eancia especial de apresenta\u00e7\u00f5es na Europa, come\u00e7ando na sexta-feira, 31 de outubro, em Paris, na renomada casa de shows Z\u00e9nith Paris | La Villette, com capacidade para quase 7 mil pessoas. Na sequ\u00eancia, o artista segue para Su\u00ed\u00e7a e Londres.A apresenta\u00e7\u00e3o em Genebra ser\u00e1 no dia 1\u00ba de novembro, na Geneve Arena. O giro [\u2026]\" \/>\n<meta property=\"og:url\" content=\"https:\/\/programaareavip.com\/?p=2169\" \/>\n<meta property=\"og:site_name\" content=\"Programa \u00c1rea Vip\" \/>\n<meta property=\"article:published_time\" content=\"2025-10-30T17:55:27+00:00\" \/>\n<meta property=\"og:image\" content=\"https:\/\/programaareavip.com\/wp-content\/uploads\/2025\/10\/1369add4-48a4-40ea-8894-295b1d36c1d2.jpeg\" \/>\n\t<meta property=\"og:image:width\" content=\"1600\" \/>\n\t<meta property=\"og:image:height\" content=\"1066\" \/>\n\t<meta property=\"og:image:type\" content=\"image\/jpeg\" \/>\n<meta name=\"author\" content=\"Matheus Mattuvo\" \/>\n<meta name=\"twitter:card\" content=\"summary_large_image\" \/>\n<meta name=\"twitter:label1\" content=\"Escrito por\" \/>\n\t<meta name=\"twitter:data1\" content=\"Matheus Mattuvo\" \/>\n\t<meta name=\"twitter:label2\" content=\"Est. tempo de leitura\" \/>\n\t<meta name=\"twitter:data2\" content=\"1 minuto\" \/>\n<script type=\"application\/ld+json\" class=\"yoast-schema-graph\">{\"@context\":\"https:\\\/\\\/schema.org\",\"@graph\":[{\"@type\":\"Article\",\"@id\":\"https:\\\/\\\/programaareavip.com\\\/?p=2169#article\",\"isPartOf\":{\"@id\":\"https:\\\/\\\/programaareavip.com\\\/?p=2169\"},\"author\":{\"name\":\"Matheus Mattuvo\",\"@id\":\"https:\\\/\\\/programaareavip.com\\\/#\\\/schema\\\/person\\\/bf31a029ec20a102d7c5dfb6c92d1dc5\"},\"headline\":\"Ap\u00f3s grava\u00e7\u00e3o hist\u00f3rica de DVD, Luan Santana leva turn\u00ea \u201cLuan Ao Vivo Na Lua\u201d para Fran\u00e7a, Su\u00ed\u00e7a e Inglaterra\",\"datePublished\":\"2025-10-30T17:55:27+00:00\",\"mainEntityOfPage\":{\"@id\":\"https:\\\/\\\/programaareavip.com\\\/?p=2169\"},\"wordCount\":298,\"publisher\":{\"@id\":\"https:\\\/\\\/programaareavip.com\\\/#organization\"},\"image\":{\"@id\":\"https:\\\/\\\/programaareavip.com\\\/?p=2169#primaryimage\"},\"thumbnailUrl\":\"https:\\\/\\\/programaareavip.com\\\/wp-content\\\/uploads\\\/2025\\\/10\\\/1369add4-48a4-40ea-8894-295b1d36c1d2.jpeg\",\"articleSection\":[\"M\u00fasica\"],\"inLanguage\":\"pt-BR\"},{\"@type\":\"WebPage\",\"@id\":\"https:\\\/\\\/programaareavip.com\\\/?p=2169\",\"url\":\"https:\\\/\\\/programaareavip.com\\\/?p=2169\",\"name\":\"Ap\u00f3s grava\u00e7\u00e3o hist\u00f3rica de DVD, Luan Santana leva turn\u00ea \u201cLuan Ao Vivo Na Lua\u201d para Fran\u00e7a, Su\u00ed\u00e7a e Inglaterra\",\"isPartOf\":{\"@id\":\"https:\\\/\\\/programaareavip.com\\\/#website\"},\"primaryImageOfPage\":{\"@id\":\"https:\\\/\\\/programaareavip.com\\\/?p=2169#primaryimage\"},\"image\":{\"@id\":\"https:\\\/\\\/programaareavip.com\\\/?p=2169#primaryimage\"},\"thumbnailUrl\":\"https:\\\/\\\/programaareavip.com\\\/wp-content\\\/uploads\\\/2025\\\/10\\\/1369add4-48a4-40ea-8894-295b1d36c1d2.jpeg\",\"datePublished\":\"2025-10-30T17:55:27+00:00\",\"breadcrumb\":{\"@id\":\"https:\\\/\\\/programaareavip.com\\\/?p=2169#breadcrumb\"},\"inLanguage\":\"pt-BR\",\"potentialAction\":[{\"@type\":\"ReadAction\",\"target\":[\"https:\\\/\\\/programaareavip.com\\\/?p=2169\"]}]},{\"@type\":\"ImageObject\",\"inLanguage\":\"pt-BR\",\"@id\":\"https:\\\/\\\/programaareavip.com\\\/?p=2169#primaryimage\",\"url\":\"https:\\\/\\\/programaareavip.com\\\/wp-content\\\/uploads\\\/2025\\\/10\\\/1369add4-48a4-40ea-8894-295b1d36c1d2.jpeg\",\"contentUrl\":\"https:\\\/\\\/programaareavip.com\\\/wp-content\\\/uploads\\\/2025\\\/10\\\/1369add4-48a4-40ea-8894-295b1d36c1d2.jpeg\",\"width\":1600,\"height\":1066},{\"@type\":\"BreadcrumbList\",\"@id\":\"https:\\\/\\\/programaareavip.com\\\/?p=2169#breadcrumb\",\"itemListElement\":[{\"@type\":\"ListItem\",\"position\":1,\"name\":\"In\u00edcio\",\"item\":\"https:\\\/\\\/programaareavip.com\\\/\"},{\"@type\":\"ListItem\",\"position\":2,\"name\":\"Ap\u00f3s grava\u00e7\u00e3o hist\u00f3rica de DVD, Luan Santana leva turn\u00ea \u201cLuan Ao Vivo Na Lua\u201d para Fran\u00e7a, Su\u00ed\u00e7a e Inglaterra\"}]},{\"@type\":\"WebSite\",\"@id\":\"https:\\\/\\\/programaareavip.com\\\/#website\",\"url\":\"https:\\\/\\\/programaareavip.com\\\/\",\"name\":\"Programa \u00c1rea Vip\",\"description\":\"Not\u00edcias na palma da sua m\u00e3o\",\"publisher\":{\"@id\":\"https:\\\/\\\/programaareavip.com\\\/#organization\"},\"potentialAction\":[{\"@type\":\"SearchAction\",\"target\":{\"@type\":\"EntryPoint\",\"urlTemplate\":\"https:\\\/\\\/programaareavip.com\\\/?s={search_term_string}\"},\"query-input\":{\"@type\":\"PropertyValueSpecification\",\"valueRequired\":true,\"valueName\":\"search_term_string\"}}],\"inLanguage\":\"pt-BR\"},{\"@type\":\"Organization\",\"@id\":\"https:\\\/\\\/programaareavip.com\\\/#organization\",\"name\":\"Programa \u00c1rea Vip\",\"url\":\"https:\\\/\\\/programaareavip.com\\\/\",\"logo\":{\"@type\":\"ImageObject\",\"inLanguage\":\"pt-BR\",\"@id\":\"https:\\\/\\\/programaareavip.com\\\/#\\\/schema\\\/logo\\\/image\\\/\",\"url\":\"https:\\\/\\\/programaareavip.com\\\/wp-content\\\/uploads\\\/2024\\\/10\\\/cropped-image0-1.jpeg\",\"contentUrl\":\"https:\\\/\\\/programaareavip.com\\\/wp-content\\\/uploads\\\/2024\\\/10\\\/cropped-image0-1.jpeg\",\"width\":512,\"height\":512,\"caption\":\"Programa \u00c1rea Vip\"},\"image\":{\"@id\":\"https:\\\/\\\/programaareavip.com\\\/#\\\/schema\\\/logo\\\/image\\\/\"}},{\"@type\":\"Person\",\"@id\":\"https:\\\/\\\/programaareavip.com\\\/#\\\/schema\\\/person\\\/bf31a029ec20a102d7c5dfb6c92d1dc5\",\"name\":\"Matheus Mattuvo\",\"image\":{\"@type\":\"ImageObject\",\"inLanguage\":\"pt-BR\",\"@id\":\"https:\\\/\\\/secure.gravatar.com\\\/avatar\\\/160fd465491b28b353bd7049ac5a7f96a9766e4186ad78c29ac46f081d4aa7b5?s=96&d=mm&r=g\",\"url\":\"https:\\\/\\\/secure.gravatar.com\\\/avatar\\\/160fd465491b28b353bd7049ac5a7f96a9766e4186ad78c29ac46f081d4aa7b5?s=96&d=mm&r=g\",\"contentUrl\":\"https:\\\/\\\/secure.gravatar.com\\\/avatar\\\/160fd465491b28b353bd7049ac5a7f96a9766e4186ad78c29ac46f081d4aa7b5?s=96&d=mm&r=g\",\"caption\":\"Matheus Mattuvo\"},\"sameAs\":[\"https:\\\/\\\/programaareavip.com\"],\"url\":\"https:\\\/\\\/programaareavip.com\\\/?author=1\"}]}<\/script>\n<!-- \/ Yoast SEO plugin. -->","yoast_head_json":{"title":"Ap\u00f3s grava\u00e7\u00e3o hist\u00f3rica de DVD, Luan Santana leva turn\u00ea \u201cLuan Ao Vivo Na Lua\u201d para Fran\u00e7a, Su\u00ed\u00e7a e Inglaterra","robots":{"index":"index","follow":"follow","max-snippet":"max-snippet:-1","max-image-preview":"max-image-preview:large","max-video-preview":"max-video-preview:-1"},"canonical":"https:\/\/programaareavip.com\/?p=2169","og_locale":"pt_BR","og_type":"article","og_title":"Ap\u00f3s grava\u00e7\u00e3o hist\u00f3rica de DVD, Luan Santana leva turn\u00ea \u201cLuan Ao Vivo Na Lua\u201d para Fran\u00e7a, Su\u00ed\u00e7a e Inglaterra","og_description":"Com shows marcados em tr\u00eas pa\u00edses, cantor amplia sua carreira internacional Ainda colhendo frutos da fenomenal grava\u00e7\u00e3o do seu novo projeto audiovisual, \u201cRegistro Hist\u00f3rico\u201d, em Curitiba, Luan Santana segue com a turn\u00ea \u201cLuan Ao Vivo Na Lua\u201d. O cantor embarcou hoje para a Fran\u00e7a para uma sequ\u00eancia especial de apresenta\u00e7\u00f5es na Europa, come\u00e7ando na sexta-feira, 31 de outubro, em Paris, na renomada casa de shows Z\u00e9nith Paris | La Villette, com capacidade para quase 7 mil pessoas. Na sequ\u00eancia, o artista segue para Su\u00ed\u00e7a e Londres.A apresenta\u00e7\u00e3o em Genebra ser\u00e1 no dia 1\u00ba de novembro, na Geneve Arena. O giro [\u2026]","og_url":"https:\/\/programaareavip.com\/?p=2169","og_site_name":"Programa \u00c1rea Vip","article_published_time":"2025-10-30T17:55:27+00:00","og_image":[{"width":1600,"height":1066,"url":"https:\/\/programaareavip.com\/wp-content\/uploads\/2025\/10\/1369add4-48a4-40ea-8894-295b1d36c1d2.jpeg","type":"image\/jpeg"}],"author":"Matheus Mattuvo","twitter_card":"summary_large_image","twitter_misc":{"Escrito por":"Matheus Mattuvo","Est. tempo de leitura":"1 minuto"},"schema":{"@context":"https:\/\/schema.org","@graph":[{"@type":"Article","@id":"https:\/\/programaareavip.com\/?p=2169#article","isPartOf":{"@id":"https:\/\/programaareavip.com\/?p=2169"},"author":{"name":"Matheus Mattuvo","@id":"https:\/\/programaareavip.com\/#\/schema\/person\/bf31a029ec20a102d7c5dfb6c92d1dc5"},"headline":"Ap\u00f3s grava\u00e7\u00e3o hist\u00f3rica de DVD, Luan Santana leva turn\u00ea \u201cLuan Ao Vivo Na Lua\u201d para Fran\u00e7a, Su\u00ed\u00e7a e Inglaterra","datePublished":"2025-10-30T17:55:27+00:00","mainEntityOfPage":{"@id":"https:\/\/programaareavip.com\/?p=2169"},"wordCount":298,"publisher":{"@id":"https:\/\/programaareavip.com\/#organization"},"image":{"@id":"https:\/\/programaareavip.com\/?p=2169#primaryimage"},"thumbnailUrl":"https:\/\/programaareavip.com\/wp-content\/uploads\/2025\/10\/1369add4-48a4-40ea-8894-295b1d36c1d2.jpeg","articleSection":["M\u00fasica"],"inLanguage":"pt-BR"},{"@type":"WebPage","@id":"https:\/\/programaareavip.com\/?p=2169","url":"https:\/\/programaareavip.com\/?p=2169","name":"Ap\u00f3s grava\u00e7\u00e3o hist\u00f3rica de DVD, Luan Santana leva turn\u00ea \u201cLuan Ao Vivo Na Lua\u201d para Fran\u00e7a, Su\u00ed\u00e7a e Inglaterra","isPartOf":{"@id":"https:\/\/programaareavip.com\/#website"},"primaryImageOfPage":{"@id":"https:\/\/programaareavip.com\/?p=2169#primaryimage"},"image":{"@id":"https:\/\/programaareavip.com\/?p=2169#primaryimage"},"thumbnailUrl":"https:\/\/programaareavip.com\/wp-content\/uploads\/2025\/10\/1369add4-48a4-40ea-8894-295b1d36c1d2.jpeg","datePublished":"2025-10-30T17:55:27+00:00","breadcrumb":{"@id":"https:\/\/programaareavip.com\/?p=2169#breadcrumb"},"inLanguage":"pt-BR","potentialAction":[{"@type":"ReadAction","target":["https:\/\/programaareavip.com\/?p=2169"]}]},{"@type":"ImageObject","inLanguage":"pt-BR","@id":"https:\/\/programaareavip.com\/?p=2169#primaryimage","url":"https:\/\/programaareavip.com\/wp-content\/uploads\/2025\/10\/1369add4-48a4-40ea-8894-295b1d36c1d2.jpeg","contentUrl":"https:\/\/programaareavip.com\/wp-content\/uploads\/2025\/10\/1369add4-48a4-40ea-8894-295b1d36c1d2.jpeg","width":1600,"height":1066},{"@type":"BreadcrumbList","@id":"https:\/\/programaareavip.com\/?p=2169#breadcrumb","itemListElement":[{"@type":"ListItem","position":1,"name":"In\u00edcio","item":"https:\/\/programaareavip.com\/"},{"@type":"ListItem","position":2,"name":"Ap\u00f3s grava\u00e7\u00e3o hist\u00f3rica de DVD, Luan Santana leva turn\u00ea \u201cLuan Ao Vivo Na Lua\u201d para Fran\u00e7a, Su\u00ed\u00e7a e Inglaterra"}]},{"@type":"WebSite","@id":"https:\/\/programaareavip.com\/#website","url":"https:\/\/programaareavip.com\/","name":"Programa \u00c1rea Vip","description":"Not\u00edcias na palma da sua m\u00e3o","publisher":{"@id":"https:\/\/programaareavip.com\/#organization"},"potentialAction":[{"@type":"SearchAction","target":{"@type":"EntryPoint","urlTemplate":"https:\/\/programaareavip.com\/?s={search_term_string}"},"query-input":{"@type":"PropertyValueSpecification","valueRequired":true,"valueName":"search_term_string"}}],"inLanguage":"pt-BR"},{"@type":"Organization","@id":"https:\/\/programaareavip.com\/#organization","name":"Programa \u00c1rea Vip","url":"https:\/\/programaareavip.com\/","logo":{"@type":"ImageObject","inLanguage":"pt-BR","@id":"https:\/\/programaareavip.com\/#\/schema\/logo\/image\/","url":"https:\/\/programaareavip.com\/wp-content\/uploads\/2024\/10\/cropped-image0-1.jpeg","contentUrl":"https:\/\/programaareavip.com\/wp-content\/uploads\/2024\/10\/cropped-image0-1.jpeg","width":512,"height":512,"caption":"Programa \u00c1rea Vip"},"image":{"@id":"https:\/\/programaareavip.com\/#\/schema\/logo\/image\/"}},{"@type":"Person","@id":"https:\/\/programaareavip.com\/#\/schema\/person\/bf31a029ec20a102d7c5dfb6c92d1dc5","name":"Matheus Mattuvo","image":{"@type":"ImageObject","inLanguage":"pt-BR","@id":"https:\/\/secure.gravatar.com\/avatar\/160fd465491b28b353bd7049ac5a7f96a9766e4186ad78c29ac46f081d4aa7b5?s=96&d=mm&r=g","url":"https:\/\/secure.gravatar.com\/avatar\/160fd465491b28b353bd7049ac5a7f96a9766e4186ad78c29ac46f081d4aa7b5?s=96&d=mm&r=g","contentUrl":"https:\/\/secure.gravatar.com\/avatar\/160fd465491b28b353bd7049ac5a7f96a9766e4186ad78c29ac46f081d4aa7b5?s=96&d=mm&r=g","caption":"Matheus Mattuvo"},"sameAs":["https:\/\/programaareavip.com"],"url":"https:\/\/programaareavip.com\/?author=1"}]}},"_links":{"self":[{"href":"https:\/\/programaareavip.com\/index.php?rest_route=\/wp\/v2\/posts\/2169","targetHints":{"allow":["GET"]}}],"collection":[{"href":"https:\/\/programaareavip.com\/index.php?rest_route=\/wp\/v2\/posts"}],"about":[{"href":"https:\/\/programaareavip.com\/index.php?rest_route=\/wp\/v2\/types\/post"}],"author":[{"embeddable":true,"href":"https:\/\/programaareavip.com\/index.php?rest_route=\/wp\/v2\/users\/1"}],"replies":[{"embeddable":true,"href":"https:\/\/programaareavip.com\/index.php?rest_route=%2Fwp%2Fv2%2Fcomments&post=2169"}],"version-history":[{"count":1,"href":"https:\/\/programaareavip.com\/index.php?rest_route=\/wp\/v2\/posts\/2169\/revisions"}],"predecessor-version":[{"id":2170,"href":"https:\/\/programaareavip.com\/index.php?rest_route=\/wp\/v2\/posts\/2169\/revisions\/2170"}],"wp:featuredmedia":[{"embeddable":true,"href":"https:\/\/programaareavip.com\/index.php?rest_route=\/wp\/v2\/media\/2168"}],"wp:attachment":[{"href":"https:\/\/programaareavip.com\/index.php?rest_route=%2Fwp%2Fv2%2Fmedia&parent=2169"}],"wp:term":[{"taxonomy":"category","embeddable":true,"href":"https:\/\/programaareavip.com\/index.php?rest_route=%2Fwp%2Fv2%2Fcategories&post=2169"},{"taxonomy":"post_tag","embeddable":true,"href":"https:\/\/programaareavip.com\/index.php?rest_route=%2Fwp%2Fv2%2Ftags&post=2169"}],"curies":[{"name":"wp","href":"https:\/\/api.w.org\/{rel}","templated":true}]}}