{"id":2073,"date":"2025-10-08T22:30:01","date_gmt":"2025-10-08T22:30:01","guid":{"rendered":"https:\/\/programaareavip.com\/?p=2073"},"modified":"2025-10-08T22:30:01","modified_gmt":"2025-10-08T22:30:01","slug":"maestro-joao-carlos-martins-e-o-primeiro-brasileiro-a-receber-o-premio-por-toda-uma-vida-profissional","status":"publish","type":"post","link":"https:\/\/programaareavip.com\/?p=2073","title":{"rendered":"Maestro Jo\u00e3o Carlos Martins \u00e9 o primeiro brasileiro a receber o \u201cPr\u00eamio por Toda uma Vida Profissional\u201d\u00a0"},"content":{"rendered":"\n<p><\/p>\n\n\n\n<p><em>Em cerim\u00f4nia na Espanha, o maestro, aos 85 anos, recebeu a honraria em m\u00e3os pela Rainha Sofia\n<\/em><\/p>\n\n\n<!-- wp:image \"id\":16937,\"sizeSlug\":\"full\",\"linkDestination\":\"none\" -->\n<figure class=\"wp-block-image size-full\"><img decoding=\"async\" src=\"https:\/\/programacamarote.com.br\/wp-content\/uploads\/2025\/10\/IMG_0013.jpeg\" alt=\"\" class=\"wp-image-16937\"\/><\/figure>\n<!-- \/wp:post-content -->\n\n<!-- wp:paragraph -->\n<p><em>Fotos maestro:\n<\/em><a href=\"https:\/\/drive.google.com\/drive\/folders\/1M-iWHTQ09oIlhG9i7aKuVFgLe2TCS0lk?usp=sharing\" target=\"_blank\" rel=\"noreferrer noopener\"><em>https:\/\/drive.google.com\/drive\/folders\/1M-iWHTQ09oIlhG9i7aKuVFgLe2TCS0lk?usp=sharing<\/em><\/a><em>\u00a0<\/em><\/p>\n<!-- \/wp:paragraph -->\n\n<!-- wp:paragraph -->\n<p><em>Fotos e v\u00eddeo cerim\u00f4nia:\u00a0<\/em><em>\n<\/em><a href=\"https:\/\/drive.google.com\/drive\/folders\/1K8YS532kgbt6BVoHopZdbU6IXg-umDZc?usp=sharing\" target=\"_blank\" rel=\"noreferrer noopener\"><em>https:\/\/drive.google.com\/drive\/folders\/1K8YS532kgbt6BVoHopZdbU6IXg-umDZc?usp=sharing<\/em><\/a><em>\u00a0\u00a0<\/em><\/p>\n<!-- \/wp:paragraph -->\n\n<!-- wp:paragraph -->\n<p>O maestro Jo\u00e3o Carlos Martins \u00e9 o primeiro brasileiro a receber o \u201cPr\u00eamio por Toda uma Vida Profissional Jos\u00e9 Manuel Mart\u00ednez Mart\u00ednez\u201d, concedido pela Fundaci\u00f3n MAPFRE. A cerim\u00f4nia aconteceu nesta quarta-feira (8), no Casino de Madri, e a honraria foi entregue pessoalmente pela Rainha Sofia da Espanha.<\/p>\n<!-- \/wp:paragraph -->\n\n<!-- wp:paragraph -->\n<p>O pr\u00eamio homenageia personalidades que dedicam suas vidas ao bem-estar social com generosidade e compromisso. Entre os que receberam o pr\u00eamio em edi\u00e7\u00f5es anteriores est\u00e3o nomes internacionais de destaque, como a estilista Carolina Herrera, o piloto de rali Carlos Sainz e o ex-treinador da sele\u00e7\u00e3o espanhola Vicente Del Bosque.<\/p>\n<!-- \/wp:paragraph -->\n\n<!-- wp:paragraph -->\n<p>\u201cReceber este pr\u00eamio das m\u00e3os da Rainha Sofia \u00e9 um momento inesquec\u00edvel. Sinto-me honrado em representar o Brasil e mostrar que a m\u00fasica \u00e9 capaz de transformar muitas vidas!\u201d, celebra o maestro.<\/p>\n<!-- \/wp:paragraph -->\n\n<!-- wp:paragraph -->\n<p>Aos 85 anos, Martins \u00e9 reconhecido n\u00e3o apenas pela trajet\u00f3ria art\u00edstica excepcional, mas tamb\u00e9m pelo impacto social de seus projetos.\u00a0<\/p>\n<!-- \/wp:paragraph -->\n\n<!-- wp:paragraph -->\n<p>Ao longo da vida, enfrentou m\u00faltiplas cirurgias, doen\u00e7as neurol\u00f3gicas e um assalto que o afastou do piano por mais de 20 anos. Em 2020, com o aux\u00edlio de luvas bi\u00f4nicas, retomou o dom\u00ednio das duas m\u00e3os sobre o instrumento, consolidando sua reputa\u00e7\u00e3o como um artista \u201cIndom\u00e1vel\u201d, nas palavras do The New York Times.\n\nEm 2006, fundou a Funda\u00e7\u00e3o Bachiana, com o objetivo de democratizar o acesso \u00e0 cultura e formar jovens talentos de comunidades vulner\u00e1veis. A institui\u00e7\u00e3o gerencia a Bachiana Filarm\u00f4nica SESI-SP e o projeto Orquestrando, que re\u00fane mais de 750 grupos musicais em todo o pa\u00eds, levando m\u00fasica cl\u00e1ssica e educa\u00e7\u00e3o art\u00edstica a milhares de crian\u00e7as e adolescentes.<\/p>\n<!-- \/wp:paragraph -->\n\n<!-- wp:paragraph -->\n<p>Aclamado internacionalmente, Martins j\u00e1 recebeu a Ordem do M\u00e9rito Cultural do Brasil e a Ordem do Infante D. Henrique, de Portugal, e se apresentou em palcos como o Carnegie Hall e o Lincoln Center, em Nova York. Em maio de 2025, despediu-se dos palcos internacionais com um concerto hist\u00f3rico no Carnegie Hall, mais de 50 anos ap\u00f3s sua estreia, consolidando seu legado como um dos grandes nomes da m\u00fasica cl\u00e1ssica contempor\u00e2nea.\u00a0<\/p>\n<!-- \/wp:paragraph -->\n\n<!-- wp:heading \"level\":3 -->\n<h3 class=\"wp-block-heading\">Sobre Jo\u00e3o Carlos Martins<\/h3>\n<!-- \/wp:heading -->\n\n<!-- wp:paragraph -->\n<p>Jo\u00e3o Carlos Martins, maestro e m\u00fasico brasileiro, possui uma trajet\u00f3ria singular no cen\u00e1rio musical do s\u00e9culo XX. Reconhecido como um dos maiores int\u00e9rpretes de Johann Sebastian Bach, sua carreira atingiu o \u00e1pice com a grava\u00e7\u00e3o da obra completa para teclado do renomado compositor. No entanto, sua jornada foi marcada por desafios f\u00edsicos, que ele superou com resili\u00eancia e determina\u00e7\u00e3o, redirecionando sua paix\u00e3o pela m\u00fasica para a reg\u00eancia.<\/p>\n<!-- \/wp:paragraph -->\n\n<!-- wp:paragraph -->\n<p>Em 2020, Jo\u00e3o Carlos Martins emocionou o mundo ao voltar a tocar piano utilizando luvas bi\u00f4nicas avan\u00e7adas, mostrando sua capacidade de superar obst\u00e1culos e sua criatividade em nome da m\u00fasica.<\/p>\n<!-- \/wp:paragraph -->","protected":false},"excerpt":{"rendered":"<p>Em cerim\u00f4nia na Espanha, o maestro, aos 85 anos, recebeu a honraria em m\u00e3os pela Rainha Sofia Fotos maestro:https:\/\/drive.google.com\/drive\/folders\/1M-iWHTQ09oIlhG9i7aKuVFgLe2TCS0lk?usp=sharing\u00a0 Fotos e v\u00eddeo cerim\u00f4nia:\u00a0https:\/\/drive.google.com\/drive\/folders\/1K8YS532kgbt6BVoHopZdbU6IXg-umDZc?usp=sharing\u00a0\u00a0 O maestro Jo\u00e3o Carlos Martins \u00e9 o primeiro brasileiro a receber o \u201cPr\u00eamio por Toda uma Vida Profissional Jos\u00e9 Manuel Mart\u00ednez Mart\u00ednez\u201d, concedido pela Fundaci\u00f3n MAPFRE. A cerim\u00f4nia aconteceu nesta quarta-feira (8), no Casino de Madri, e a honraria foi entregue pessoalmente pela Rainha Sofia da Espanha. O pr\u00eamio homenageia personalidades que dedicam suas vidas ao bem-estar social com generosidade e compromisso. Entre os que receberam o pr\u00eamio em edi\u00e7\u00f5es anteriores est\u00e3o nomes internacionais de destaque, como [\u2026]<\/p>\n","protected":false},"author":1,"featured_media":2072,"comment_status":"closed","ping_status":"open","sticky":false,"template":"","format":"standard","meta":{"footnotes":""},"categories":[135],"tags":[],"class_list":{"0":"post-2073","1":"post","2":"type-post","3":"status-publish","4":"format-standard","5":"has-post-thumbnail","7":"category-destaque"},"yoast_head":"<!-- This site is optimized with the Yoast SEO plugin v27.3 - https:\/\/yoast.com\/product\/yoast-seo-wordpress\/ -->\n<title>Maestro Jo\u00e3o Carlos Martins \u00e9 o primeiro brasileiro a receber o \u201cPr\u00eamio por Toda uma Vida Profissional\u201d\u00a0<\/title>\n<meta name=\"robots\" content=\"index, follow, max-snippet:-1, max-image-preview:large, max-video-preview:-1\" \/>\n<link rel=\"canonical\" href=\"https:\/\/programaareavip.com\/?p=2073\" \/>\n<meta property=\"og:locale\" content=\"pt_BR\" \/>\n<meta property=\"og:type\" content=\"article\" \/>\n<meta property=\"og:title\" content=\"Maestro Jo\u00e3o Carlos Martins \u00e9 o primeiro brasileiro a receber o \u201cPr\u00eamio por Toda uma Vida Profissional\u201d\u00a0\" \/>\n<meta property=\"og:description\" content=\"Em cerim\u00f4nia na Espanha, o maestro, aos 85 anos, recebeu a honraria em m\u00e3os pela Rainha Sofia Fotos maestro:https:\/\/drive.google.com\/drive\/folders\/1M-iWHTQ09oIlhG9i7aKuVFgLe2TCS0lk?usp=sharing\u00a0 Fotos e v\u00eddeo cerim\u00f4nia:\u00a0https:\/\/drive.google.com\/drive\/folders\/1K8YS532kgbt6BVoHopZdbU6IXg-umDZc?usp=sharing\u00a0\u00a0 O maestro Jo\u00e3o Carlos Martins \u00e9 o primeiro brasileiro a receber o \u201cPr\u00eamio por Toda uma Vida Profissional Jos\u00e9 Manuel Mart\u00ednez Mart\u00ednez\u201d, concedido pela Fundaci\u00f3n MAPFRE. A cerim\u00f4nia aconteceu nesta quarta-feira (8), no Casino de Madri, e a honraria foi entregue pessoalmente pela Rainha Sofia da Espanha. O pr\u00eamio homenageia personalidades que dedicam suas vidas ao bem-estar social com generosidade e compromisso. Entre os que receberam o pr\u00eamio em edi\u00e7\u00f5es anteriores est\u00e3o nomes internacionais de destaque, como [\u2026]\" \/>\n<meta property=\"og:url\" content=\"https:\/\/programaareavip.com\/?p=2073\" \/>\n<meta property=\"og:site_name\" content=\"Programa \u00c1rea Vip\" \/>\n<meta property=\"article:published_time\" content=\"2025-10-08T22:30:01+00:00\" \/>\n<meta property=\"og:image\" content=\"https:\/\/programaareavip.com\/wp-content\/uploads\/2025\/10\/IMG_0013.jpeg\" \/>\n\t<meta property=\"og:image:width\" content=\"572\" \/>\n\t<meta property=\"og:image:height\" content=\"368\" \/>\n\t<meta property=\"og:image:type\" content=\"image\/jpeg\" \/>\n<meta name=\"author\" content=\"Matheus Mattuvo\" \/>\n<meta name=\"twitter:card\" content=\"summary_large_image\" \/>\n<meta name=\"twitter:label1\" content=\"Escrito por\" \/>\n\t<meta name=\"twitter:data1\" content=\"Matheus Mattuvo\" \/>\n\t<meta name=\"twitter:label2\" content=\"Est. tempo de leitura\" \/>\n\t<meta name=\"twitter:data2\" content=\"3 minutos\" \/>\n<script type=\"application\/ld+json\" class=\"yoast-schema-graph\">{\"@context\":\"https:\\\/\\\/schema.org\",\"@graph\":[{\"@type\":\"Article\",\"@id\":\"https:\\\/\\\/programaareavip.com\\\/?p=2073#article\",\"isPartOf\":{\"@id\":\"https:\\\/\\\/programaareavip.com\\\/?p=2073\"},\"author\":{\"name\":\"Matheus Mattuvo\",\"@id\":\"https:\\\/\\\/programaareavip.com\\\/#\\\/schema\\\/person\\\/bf31a029ec20a102d7c5dfb6c92d1dc5\"},\"headline\":\"Maestro Jo\u00e3o Carlos Martins \u00e9 o primeiro brasileiro a receber o \u201cPr\u00eamio por Toda uma Vida Profissional\u201d\u00a0\",\"datePublished\":\"2025-10-08T22:30:01+00:00\",\"mainEntityOfPage\":{\"@id\":\"https:\\\/\\\/programaareavip.com\\\/?p=2073\"},\"wordCount\":550,\"publisher\":{\"@id\":\"https:\\\/\\\/programaareavip.com\\\/#organization\"},\"image\":{\"@id\":\"https:\\\/\\\/programaareavip.com\\\/?p=2073#primaryimage\"},\"thumbnailUrl\":\"https:\\\/\\\/programaareavip.com\\\/wp-content\\\/uploads\\\/2025\\\/10\\\/IMG_0013.jpeg\",\"articleSection\":[\"Destaque\"],\"inLanguage\":\"pt-BR\"},{\"@type\":\"WebPage\",\"@id\":\"https:\\\/\\\/programaareavip.com\\\/?p=2073\",\"url\":\"https:\\\/\\\/programaareavip.com\\\/?p=2073\",\"name\":\"Maestro Jo\u00e3o Carlos Martins \u00e9 o primeiro brasileiro a receber o \u201cPr\u00eamio por Toda uma Vida Profissional\u201d\u00a0\",\"isPartOf\":{\"@id\":\"https:\\\/\\\/programaareavip.com\\\/#website\"},\"primaryImageOfPage\":{\"@id\":\"https:\\\/\\\/programaareavip.com\\\/?p=2073#primaryimage\"},\"image\":{\"@id\":\"https:\\\/\\\/programaareavip.com\\\/?p=2073#primaryimage\"},\"thumbnailUrl\":\"https:\\\/\\\/programaareavip.com\\\/wp-content\\\/uploads\\\/2025\\\/10\\\/IMG_0013.jpeg\",\"datePublished\":\"2025-10-08T22:30:01+00:00\",\"breadcrumb\":{\"@id\":\"https:\\\/\\\/programaareavip.com\\\/?p=2073#breadcrumb\"},\"inLanguage\":\"pt-BR\",\"potentialAction\":[{\"@type\":\"ReadAction\",\"target\":[\"https:\\\/\\\/programaareavip.com\\\/?p=2073\"]}]},{\"@type\":\"ImageObject\",\"inLanguage\":\"pt-BR\",\"@id\":\"https:\\\/\\\/programaareavip.com\\\/?p=2073#primaryimage\",\"url\":\"https:\\\/\\\/programaareavip.com\\\/wp-content\\\/uploads\\\/2025\\\/10\\\/IMG_0013.jpeg\",\"contentUrl\":\"https:\\\/\\\/programaareavip.com\\\/wp-content\\\/uploads\\\/2025\\\/10\\\/IMG_0013.jpeg\",\"width\":572,\"height\":368},{\"@type\":\"BreadcrumbList\",\"@id\":\"https:\\\/\\\/programaareavip.com\\\/?p=2073#breadcrumb\",\"itemListElement\":[{\"@type\":\"ListItem\",\"position\":1,\"name\":\"In\u00edcio\",\"item\":\"https:\\\/\\\/programaareavip.com\\\/\"},{\"@type\":\"ListItem\",\"position\":2,\"name\":\"Maestro Jo\u00e3o Carlos Martins \u00e9 o primeiro brasileiro a receber o \u201cPr\u00eamio por Toda uma Vida Profissional\u201d\u00a0\"}]},{\"@type\":\"WebSite\",\"@id\":\"https:\\\/\\\/programaareavip.com\\\/#website\",\"url\":\"https:\\\/\\\/programaareavip.com\\\/\",\"name\":\"Programa \u00c1rea Vip\",\"description\":\"Not\u00edcias na palma da sua m\u00e3o\",\"publisher\":{\"@id\":\"https:\\\/\\\/programaareavip.com\\\/#organization\"},\"potentialAction\":[{\"@type\":\"SearchAction\",\"target\":{\"@type\":\"EntryPoint\",\"urlTemplate\":\"https:\\\/\\\/programaareavip.com\\\/?s={search_term_string}\"},\"query-input\":{\"@type\":\"PropertyValueSpecification\",\"valueRequired\":true,\"valueName\":\"search_term_string\"}}],\"inLanguage\":\"pt-BR\"},{\"@type\":\"Organization\",\"@id\":\"https:\\\/\\\/programaareavip.com\\\/#organization\",\"name\":\"Programa \u00c1rea Vip\",\"url\":\"https:\\\/\\\/programaareavip.com\\\/\",\"logo\":{\"@type\":\"ImageObject\",\"inLanguage\":\"pt-BR\",\"@id\":\"https:\\\/\\\/programaareavip.com\\\/#\\\/schema\\\/logo\\\/image\\\/\",\"url\":\"https:\\\/\\\/programaareavip.com\\\/wp-content\\\/uploads\\\/2024\\\/10\\\/cropped-image0-1.jpeg\",\"contentUrl\":\"https:\\\/\\\/programaareavip.com\\\/wp-content\\\/uploads\\\/2024\\\/10\\\/cropped-image0-1.jpeg\",\"width\":512,\"height\":512,\"caption\":\"Programa \u00c1rea Vip\"},\"image\":{\"@id\":\"https:\\\/\\\/programaareavip.com\\\/#\\\/schema\\\/logo\\\/image\\\/\"}},{\"@type\":\"Person\",\"@id\":\"https:\\\/\\\/programaareavip.com\\\/#\\\/schema\\\/person\\\/bf31a029ec20a102d7c5dfb6c92d1dc5\",\"name\":\"Matheus Mattuvo\",\"image\":{\"@type\":\"ImageObject\",\"inLanguage\":\"pt-BR\",\"@id\":\"https:\\\/\\\/secure.gravatar.com\\\/avatar\\\/160fd465491b28b353bd7049ac5a7f96a9766e4186ad78c29ac46f081d4aa7b5?s=96&d=mm&r=g\",\"url\":\"https:\\\/\\\/secure.gravatar.com\\\/avatar\\\/160fd465491b28b353bd7049ac5a7f96a9766e4186ad78c29ac46f081d4aa7b5?s=96&d=mm&r=g\",\"contentUrl\":\"https:\\\/\\\/secure.gravatar.com\\\/avatar\\\/160fd465491b28b353bd7049ac5a7f96a9766e4186ad78c29ac46f081d4aa7b5?s=96&d=mm&r=g\",\"caption\":\"Matheus Mattuvo\"},\"sameAs\":[\"https:\\\/\\\/programaareavip.com\"],\"url\":\"https:\\\/\\\/programaareavip.com\\\/?author=1\"}]}<\/script>\n<!-- \/ Yoast SEO plugin. -->","yoast_head_json":{"title":"Maestro Jo\u00e3o Carlos Martins \u00e9 o primeiro brasileiro a receber o \u201cPr\u00eamio por Toda uma Vida Profissional\u201d\u00a0","robots":{"index":"index","follow":"follow","max-snippet":"max-snippet:-1","max-image-preview":"max-image-preview:large","max-video-preview":"max-video-preview:-1"},"canonical":"https:\/\/programaareavip.com\/?p=2073","og_locale":"pt_BR","og_type":"article","og_title":"Maestro Jo\u00e3o Carlos Martins \u00e9 o primeiro brasileiro a receber o \u201cPr\u00eamio por Toda uma Vida Profissional\u201d\u00a0","og_description":"Em cerim\u00f4nia na Espanha, o maestro, aos 85 anos, recebeu a honraria em m\u00e3os pela Rainha Sofia Fotos maestro:https:\/\/drive.google.com\/drive\/folders\/1M-iWHTQ09oIlhG9i7aKuVFgLe2TCS0lk?usp=sharing\u00a0 Fotos e v\u00eddeo cerim\u00f4nia:\u00a0https:\/\/drive.google.com\/drive\/folders\/1K8YS532kgbt6BVoHopZdbU6IXg-umDZc?usp=sharing\u00a0\u00a0 O maestro Jo\u00e3o Carlos Martins \u00e9 o primeiro brasileiro a receber o \u201cPr\u00eamio por Toda uma Vida Profissional Jos\u00e9 Manuel Mart\u00ednez Mart\u00ednez\u201d, concedido pela Fundaci\u00f3n MAPFRE. A cerim\u00f4nia aconteceu nesta quarta-feira (8), no Casino de Madri, e a honraria foi entregue pessoalmente pela Rainha Sofia da Espanha. O pr\u00eamio homenageia personalidades que dedicam suas vidas ao bem-estar social com generosidade e compromisso. Entre os que receberam o pr\u00eamio em edi\u00e7\u00f5es anteriores est\u00e3o nomes internacionais de destaque, como [\u2026]","og_url":"https:\/\/programaareavip.com\/?p=2073","og_site_name":"Programa \u00c1rea Vip","article_published_time":"2025-10-08T22:30:01+00:00","og_image":[{"width":572,"height":368,"url":"https:\/\/programaareavip.com\/wp-content\/uploads\/2025\/10\/IMG_0013.jpeg","type":"image\/jpeg"}],"author":"Matheus Mattuvo","twitter_card":"summary_large_image","twitter_misc":{"Escrito por":"Matheus Mattuvo","Est. tempo de leitura":"3 minutos"},"schema":{"@context":"https:\/\/schema.org","@graph":[{"@type":"Article","@id":"https:\/\/programaareavip.com\/?p=2073#article","isPartOf":{"@id":"https:\/\/programaareavip.com\/?p=2073"},"author":{"name":"Matheus Mattuvo","@id":"https:\/\/programaareavip.com\/#\/schema\/person\/bf31a029ec20a102d7c5dfb6c92d1dc5"},"headline":"Maestro Jo\u00e3o Carlos Martins \u00e9 o primeiro brasileiro a receber o \u201cPr\u00eamio por Toda uma Vida Profissional\u201d\u00a0","datePublished":"2025-10-08T22:30:01+00:00","mainEntityOfPage":{"@id":"https:\/\/programaareavip.com\/?p=2073"},"wordCount":550,"publisher":{"@id":"https:\/\/programaareavip.com\/#organization"},"image":{"@id":"https:\/\/programaareavip.com\/?p=2073#primaryimage"},"thumbnailUrl":"https:\/\/programaareavip.com\/wp-content\/uploads\/2025\/10\/IMG_0013.jpeg","articleSection":["Destaque"],"inLanguage":"pt-BR"},{"@type":"WebPage","@id":"https:\/\/programaareavip.com\/?p=2073","url":"https:\/\/programaareavip.com\/?p=2073","name":"Maestro Jo\u00e3o Carlos Martins \u00e9 o primeiro brasileiro a receber o \u201cPr\u00eamio por Toda uma Vida Profissional\u201d\u00a0","isPartOf":{"@id":"https:\/\/programaareavip.com\/#website"},"primaryImageOfPage":{"@id":"https:\/\/programaareavip.com\/?p=2073#primaryimage"},"image":{"@id":"https:\/\/programaareavip.com\/?p=2073#primaryimage"},"thumbnailUrl":"https:\/\/programaareavip.com\/wp-content\/uploads\/2025\/10\/IMG_0013.jpeg","datePublished":"2025-10-08T22:30:01+00:00","breadcrumb":{"@id":"https:\/\/programaareavip.com\/?p=2073#breadcrumb"},"inLanguage":"pt-BR","potentialAction":[{"@type":"ReadAction","target":["https:\/\/programaareavip.com\/?p=2073"]}]},{"@type":"ImageObject","inLanguage":"pt-BR","@id":"https:\/\/programaareavip.com\/?p=2073#primaryimage","url":"https:\/\/programaareavip.com\/wp-content\/uploads\/2025\/10\/IMG_0013.jpeg","contentUrl":"https:\/\/programaareavip.com\/wp-content\/uploads\/2025\/10\/IMG_0013.jpeg","width":572,"height":368},{"@type":"BreadcrumbList","@id":"https:\/\/programaareavip.com\/?p=2073#breadcrumb","itemListElement":[{"@type":"ListItem","position":1,"name":"In\u00edcio","item":"https:\/\/programaareavip.com\/"},{"@type":"ListItem","position":2,"name":"Maestro Jo\u00e3o Carlos Martins \u00e9 o primeiro brasileiro a receber o \u201cPr\u00eamio por Toda uma Vida Profissional\u201d\u00a0"}]},{"@type":"WebSite","@id":"https:\/\/programaareavip.com\/#website","url":"https:\/\/programaareavip.com\/","name":"Programa \u00c1rea Vip","description":"Not\u00edcias na palma da sua m\u00e3o","publisher":{"@id":"https:\/\/programaareavip.com\/#organization"},"potentialAction":[{"@type":"SearchAction","target":{"@type":"EntryPoint","urlTemplate":"https:\/\/programaareavip.com\/?s={search_term_string}"},"query-input":{"@type":"PropertyValueSpecification","valueRequired":true,"valueName":"search_term_string"}}],"inLanguage":"pt-BR"},{"@type":"Organization","@id":"https:\/\/programaareavip.com\/#organization","name":"Programa \u00c1rea Vip","url":"https:\/\/programaareavip.com\/","logo":{"@type":"ImageObject","inLanguage":"pt-BR","@id":"https:\/\/programaareavip.com\/#\/schema\/logo\/image\/","url":"https:\/\/programaareavip.com\/wp-content\/uploads\/2024\/10\/cropped-image0-1.jpeg","contentUrl":"https:\/\/programaareavip.com\/wp-content\/uploads\/2024\/10\/cropped-image0-1.jpeg","width":512,"height":512,"caption":"Programa \u00c1rea Vip"},"image":{"@id":"https:\/\/programaareavip.com\/#\/schema\/logo\/image\/"}},{"@type":"Person","@id":"https:\/\/programaareavip.com\/#\/schema\/person\/bf31a029ec20a102d7c5dfb6c92d1dc5","name":"Matheus Mattuvo","image":{"@type":"ImageObject","inLanguage":"pt-BR","@id":"https:\/\/secure.gravatar.com\/avatar\/160fd465491b28b353bd7049ac5a7f96a9766e4186ad78c29ac46f081d4aa7b5?s=96&d=mm&r=g","url":"https:\/\/secure.gravatar.com\/avatar\/160fd465491b28b353bd7049ac5a7f96a9766e4186ad78c29ac46f081d4aa7b5?s=96&d=mm&r=g","contentUrl":"https:\/\/secure.gravatar.com\/avatar\/160fd465491b28b353bd7049ac5a7f96a9766e4186ad78c29ac46f081d4aa7b5?s=96&d=mm&r=g","caption":"Matheus Mattuvo"},"sameAs":["https:\/\/programaareavip.com"],"url":"https:\/\/programaareavip.com\/?author=1"}]}},"_links":{"self":[{"href":"https:\/\/programaareavip.com\/index.php?rest_route=\/wp\/v2\/posts\/2073","targetHints":{"allow":["GET"]}}],"collection":[{"href":"https:\/\/programaareavip.com\/index.php?rest_route=\/wp\/v2\/posts"}],"about":[{"href":"https:\/\/programaareavip.com\/index.php?rest_route=\/wp\/v2\/types\/post"}],"author":[{"embeddable":true,"href":"https:\/\/programaareavip.com\/index.php?rest_route=\/wp\/v2\/users\/1"}],"replies":[{"embeddable":true,"href":"https:\/\/programaareavip.com\/index.php?rest_route=%2Fwp%2Fv2%2Fcomments&post=2073"}],"version-history":[{"count":1,"href":"https:\/\/programaareavip.com\/index.php?rest_route=\/wp\/v2\/posts\/2073\/revisions"}],"predecessor-version":[{"id":2074,"href":"https:\/\/programaareavip.com\/index.php?rest_route=\/wp\/v2\/posts\/2073\/revisions\/2074"}],"wp:featuredmedia":[{"embeddable":true,"href":"https:\/\/programaareavip.com\/index.php?rest_route=\/wp\/v2\/media\/2072"}],"wp:attachment":[{"href":"https:\/\/programaareavip.com\/index.php?rest_route=%2Fwp%2Fv2%2Fmedia&parent=2073"}],"wp:term":[{"taxonomy":"category","embeddable":true,"href":"https:\/\/programaareavip.com\/index.php?rest_route=%2Fwp%2Fv2%2Fcategories&post=2073"},{"taxonomy":"post_tag","embeddable":true,"href":"https:\/\/programaareavip.com\/index.php?rest_route=%2Fwp%2Fv2%2Ftags&post=2073"}],"curies":[{"name":"wp","href":"https:\/\/api.w.org\/{rel}","templated":true}]}}