{"id":1828,"date":"2025-08-10T21:56:58","date_gmt":"2025-08-10T21:56:58","guid":{"rendered":"https:\/\/programaareavip.com\/?p=1828"},"modified":"2025-08-10T21:56:58","modified_gmt":"2025-08-10T21:56:58","slug":"lauana-prado-embala-publico-de-ribeirao-preto-na-festa-mais-raiz-do-brasil","status":"publish","type":"post","link":"https:\/\/programaareavip.com\/?p=1828","title":{"rendered":"Lauana Prado embala p\u00fablico de Ribeir\u00e3o Preto na festa mais RAIZ do Brasil"},"content":{"rendered":"\n<p><\/p>\n\n\n\n<p><em>Em show intimista no Alcan\u2019s Hall, cantora se apresenta por mais de 5 horas, com experi\u00eancias exclusivas.<\/em><\/p>\n\n\n\n<figure class=\"wp-block-image\"><img decoding=\"async\" src=\"https:\/\/lh7-rt.googleusercontent.com\/docsz\/AD_4nXctFGAEwTs-K-gkH7q7iVZsH2YhJIyCX82skBF39DAMESVPgNePhgCzjqcc_kpTOQFLaixbhb0HGrsfSmFm9IZ9VzB4Fc3mdihtwk5TAPYDlpQclZGZNsJ1osYuYkFollQe5zyF?key=GaxFqw__Jh4nQEDspl3Ftw\" alt=\"\"\/><\/figure>\n\n\n\n<p><em>Cr\u00e9ditos: Steffany Lima (@stefflima)\u00a0<\/em><\/p>\n\n\n\n<p><em>Fotos em alta:\u00a0<\/em><a href=\"https:\/\/drive.google.com\/drive\/folders\/1tVqEkV0GuIxCz0m1gDaPSxrBcWoY3sjs\" target=\"_blank\" rel=\"noreferrer noopener\"><em>https:\/\/drive.google.com\/drive\/folders\/1tVqEkV0GuIxCz0m1gDaPSxrBcWoY3sjs<\/em><\/a><em>\u00a0<\/em><\/p>\n\n\n\n<p>Os f\u00e3s da m\u00fasica sertaneja viveram uma noite hist\u00f3rica neste s\u00e1bado (09) em Ribeir\u00e3o Preto. A cantora Lauana Prado levou para a cidade a festa mais RAIZ do Brasil e comandou um espet\u00e1culo de mais de cinco horas no Alcan\u2019s Hall, com casa cheia e uma plateia que cantou junto do in\u00edcio ao fim.<\/p>\n\n\n\n<p>Essa foi a primeira apresenta\u00e7\u00e3o da label \u201cLauana Prado Raiz\u201d ap\u00f3s o lan\u00e7amento do EP &#8220;Raiz Belo Horizonte (APRUMA BEAG\u00c1!)&#8221;, marcando um momento especial da turn\u00ea. No palco, Lauana apresentou novidades no repert\u00f3rio e refor\u00e7ou a conex\u00e3o com o p\u00fablico. Com muita entrega, autenticidade e looks de tirar o f\u00f4lego, Lauana mostrou mais uma vez por que o Raiz \u00e9 um fen\u00f4meno por onde passa.<\/p>\n\n\n\n<p>\u201cRibeir\u00e3o Preto, que energia! Esse show foi um presente. Depois de lan\u00e7ar o EP com tanta dedica\u00e7\u00e3o, subir ao palco com essa troca t\u00e3o forte e sentir o p\u00fablico t\u00e3o perto foi especial demais. Obrigada por viverem isso comigo!\u201d, celebrou Lauana.<\/p>\n\n\n\n<p>O repert\u00f3rio do \u201cRaiz Ribeir\u00e3o Preto\u201d trouxe grandes cl\u00e1ssicos da m\u00fasica brasileira e sertaneja, muitos deles com novos arranjos como a releitura de \u201cR\u00e9deas do Possante\u201d e a faixa autoral \u201cPar de Olhos\u201d, entre outras can\u00e7\u00f5es que fazem parte do novo EP e j\u00e1 est\u00e3o conquistando o p\u00fablico nas r\u00e1dios e plataformas digitais. Al\u00e9m disso, n\u00e3o faltaram sucessos da carreira da artista como \u201cCobaia\u201d e \u201cWhisky Vagabundo\u201d.<\/p>\n\n\n\n<p>Com nova cenografia, ambienta\u00e7\u00e3o reformulada, lojinhas tem\u00e1ticas, pra\u00e7a de alimenta\u00e7\u00e3o e a loja oficial RAIZ, que re\u00fane produtos exclusivos como copos t\u00e9rmicos, camisetas, bon\u00e9s, chap\u00e9us e broches, a produ\u00e7\u00e3o do evento leva a assinatura da Casa Grande Eventos, Viva La Vida RP, LP Music Business e GTS \u2013 Universal Music Brasil.<\/p>\n\n\n\n<p>A turn\u00ea \u201cRaiz\u201d j\u00e1 passou por cidades como Curitiba, Belo Horizonte, Campinas e tem novas datas confirmadas para Maring\u00e1, S\u00e3o Paulo, Bras\u00edlia e Goi\u00e2nia. Outras datas ainda ser\u00e3o anunciadas nos canais oficiais do projeto.<\/p>\n\n\n\n<p>Para mais informa\u00e7\u00f5es e atualiza\u00e7\u00f5es sobre a label, acesse\u00a0<a href=\"http:\/\/lauanapradoraiz.com.br\/\" target=\"_blank\" rel=\"noreferrer noopener\">lauanapradoraiz.com.br<\/a>\u00a0ou siga @lauanapradoraiz nas redes sociais.<\/p>\n\n\n\n<p><strong>Sobre o projeto musical \u201cRaiz\u201d:<\/strong><\/p>\n\n\n\n<p>O projeto &#8220;Raiz&#8221;, idealizado por Lauana Prado, consolidou-se como um marco na m\u00fasica sertaneja contempor\u00e2nea. Sua primeira edi\u00e7\u00e3o, &#8220;Raiz ao Vivo em S\u00e3o Paulo&#8221; (2022), destacou-se com 22 faixas que homenageiam cl\u00e1ssicos do g\u00eanero, rendendo \u00e0 artista uma indica\u00e7\u00e3o ao Grammy Latino. Em 2023, &#8220;Raiz Goi\u00e2nia&#8221; alcan\u00e7ou o topo das paradas no Spotify Brasil, impulsionado pelo sucesso de &#8220;Escrito nas Estrelas&#8221;, que viralizou nas redes sociais e conquistou dois Pr\u00eamios Multishow em 2024 e se tornou uma das m\u00fasicas mais ouvidas nas plataformas de streaming e nas r\u00e1dios brasileiras no mesmo ano. . Agora, Lauana se prepara para lan\u00e7ar o &#8220;Raiz Belo Horizonte&#8221; gravado em maio no Mineir\u00e3o, com novidades no repert\u00f3rio, cenografia e experi\u00eancias exclusivas para os f\u00e3s, al\u00e9m de participa\u00e7\u00f5es especiais de nomes como Murilo Huff, Paula Fernandes, Gian &#038; Giovani, Zez\u00e9 Di Camargo, Diego &#038; Victor Hugo, Roberta Miranda e Elba Ramalho.<a href=\"https:\/\/bhaz.com.br\/noticias\/bh\/lauana-prado-raiz-belo-horizonte-mineirao\/?utm_source=chatgpt.com\" target=\"_blank\" rel=\"noreferrer noopener\">\u00a0<\/a><\/p>\n\n\n\n<p><strong>Sobre a festa \u201cRaiz\u201d:<\/strong><\/p>\n\n\n\n<p>A festa &#8220;Raiz&#8221;, idealizada por Lauana Prado, destaca-se por seu repert\u00f3rio de regrava\u00e7\u00f5es de cl\u00e1ssicos da m\u00fasica sertaneja e de artistas como Caetano Veloso, Alcione e C\u00e1ssia Eller, apresentando vers\u00f5es \u00fanicas que conquistaram o p\u00fablico. Com o slogan &#8220;A festa mais RAIZ desse Brasil&#8221;, o evento esgotou ingressos em todas as cidades por onde passou em 2024, incluindo Curitiba, S\u00e3o Paulo e Belo Horizonte, encerrando a temporada com transmiss\u00f5es ao vivo no Globoplay e Multishow. Em 2025, a label estreou nova temporada em Belo Horizonte, onde tamb\u00e9m foi gravado o terceiro audiovisual do projeto. Em seguida, a festa segue para Ribeir\u00e3o Preto, Maring\u00e1, S\u00e3o Paulo, Bras\u00edlia e Goi\u00e2nia. Novas cidades ser\u00e3o anunciadas em breve.<\/p>\n\n\n\n<p><strong>Sobre Lauana Prado:<\/strong><\/p>\n\n\n\n<p>Cantora e compositora com mais de 18 anos de carreira, Lauana se destaca pela versatilidade de uma artista que canta m\u00fasica sertaneja que carrega em sua ess\u00eancia. Em seu repert\u00f3rio de sucessos est\u00e3o: \u201cCobaia\u201d, \u201cViva voz\u201d, \u201cWhisky Vagabundo\u201d e \u201cEscrito nas estrelas\u201d, que foi uma das m\u00fasicas mais ouvidas do Brasil nas r\u00e1dios e plataformas de streaming em 2024. Atualmente suas can\u00e7\u00f5es \u201cKamasutra\u201d e \u201cSaudade Burra\u201d, que comp\u00f5em o \u00e1lbum \u201cLauana Prado Transcende- Ao vivo no Ibirapuera\u201d est\u00e3o em destaque no chart das plataformas de streaming. Lauana Prado soma \u00e0 sua carreira 4 indica\u00e7\u00f5es ao Grammy Latino, premia\u00e7\u00f5es e reconhecimentos internacionais, al\u00e9m de diversos discos e singles premiados no Brasil e em Portugal. A cantora acaba de lan\u00e7ar a terceira edi\u00e7\u00e3o do premiado audiovisual \u201cRAIZ\u201d, gravado em Belo Horizonte em maio, trazendo inova\u00e7\u00e3o e novidades para uma das labels de maior sucesso no pa\u00eds. Destaque tamb\u00e9m em seu projeto de in\u00e9ditas, o \u00e1lbum \u201cLauana Prado Transcende &#8211; Ao vivo no Ibirapuera\u201d foi premiado como \u201cMelhor lan\u00e7amento sertanejo\u201d na 32\u00aa edi\u00e7\u00e3o do Pr\u00eamio BTG Pactual da M\u00fasica Brasileira.<\/p>\n\n\n\n<hr class=\"wp-block-separator has-alpha-channel-opacity\"\/>\n\n\n\n<figure class=\"wp-block-image\"><img decoding=\"async\" src=\"https:\/\/lh7-rt.googleusercontent.com\/docsz\/AD_4nXdERrhqipKwL7ruuI-mGjmjSJiYeFZqoX1MPDxBE4H2S660X-tkPj1bp9mMyH__byMEw6W6nFxEbVCDnrVp12k0XAHECczHhf_7jbm6FUzSOxJ7f1Igxkq0AVcf9RVEtmrhp5hUTQ?key=GaxFqw__Jh4nQEDspl3Ftw\" alt=\"\"\/><\/figure>\n\n\n\n<p><a href=\"https:\/\/eur02.safelinks.protection.outlook.com\/?url=http%3A%2F%2Fwww.universalmusic.com.br%2F&#038;data=05%7C02%7Ccarolina.garzon%40umusic.com%7Cdd9d31597331444638da08dc4863a73e%7Cbbcb6b2f8c7c4e2486e46c36fed00b78%7C1%7C0%7C638464841081572237%7CUnknown%7CTWFpbGZsb3d8eyJWIjoiMC4wLjAwMDAiLCJQIjoiV2luMzIiLCJBTiI6Ik1haWwiLCJXVCI6Mn0%3D%7C0%7C%7C%7C&#038;sdata=iYy%2FbzaUFNqpQ8aUdPUg2ehtcG2ILKFQrnvMEYnAa0Y%3D&#038;reserved=0\" target=\"_blank\" rel=\"noreferrer noopener\"><strong>www.universalmusic.com.br<\/strong><\/a><\/p>\n\n\n\n<p><strong>Universal Music Brasil \u2013 Gerente de Distribui\u00e7\u00e3o de Conte\u00fado<\/strong><\/p>\n\n\n\n<p><strong>Bianca Kleinpaul<\/strong>\u00a0\u2013 (21) 99424-9191 &#8211;\u00a0<a href=\"mailto:bianca.kleinpaul@umusic.com\" target=\"_blank\" rel=\"noreferrer noopener\">bianca.kleinpaul@umusic.com<\/a><\/p>\n\n\n\n<p><strong>Colaboradoras:<\/strong><\/p>\n\n\n\n<p>Susana Ribeiro &#8211; (21) 99323-5893 &#8211;\u00a0<a href=\"mailto:susana.ribeiro@ciranda.inf.br\" target=\"_blank\" rel=\"noreferrer noopener\">susana.ribeiro@ciranda.inf.br<\/a><\/p>\n\n\n\n<p>Luana Ribeiro \u2013 (21) 99347-9096 &#8211;\u00a0<a href=\"mailto:luana.ribeiro.universal@gmail.com\" target=\"_blank\" rel=\"noreferrer noopener\">luana.ribeiro.universal@gmail.com<\/a><\/p>\n\n\n\n<p>Anna Mellado &#8211;\u00a0(11) 94443-3548 &#8211;\u00a0<a href=\"mailto:contatoannamellado@gmail.com\" target=\"_blank\" rel=\"noreferrer noopener\">contatoannamellado@gmail.com<\/a><\/p>\n\n\n\n<p>Carolina Garzon \u2013\u00a0<a href=\"mailto:carolina.garzon@umusic.com\" target=\"_blank\" rel=\"noreferrer noopener\">carolina.garzon@umusic.com<\/a><\/p>\n","protected":false},"excerpt":{"rendered":"<p>Em show intimista no Alcan\u2019s Hall, cantora se apresenta por mais de 5 horas, com experi\u00eancias exclusivas. Cr\u00e9ditos: Steffany Lima (@stefflima)\u00a0 Fotos em alta:\u00a0https:\/\/drive.google.com\/drive\/folders\/1tVqEkV0GuIxCz0m1gDaPSxrBcWoY3sjs\u00a0 Os f\u00e3s da m\u00fasica sertaneja viveram uma noite hist\u00f3rica neste s\u00e1bado (09) em Ribeir\u00e3o Preto. A cantora Lauana Prado levou para a cidade a festa mais RAIZ do Brasil e comandou um espet\u00e1culo de mais de cinco horas no Alcan\u2019s Hall, com casa cheia e uma plateia que cantou junto do in\u00edcio ao fim. Essa foi a primeira apresenta\u00e7\u00e3o da label \u201cLauana Prado Raiz\u201d ap\u00f3s o lan\u00e7amento do EP \u201cRaiz Belo Horizonte (APRUMA BEAG\u00c1!)\u201d, marcando um [\u2026]<\/p>\n","protected":false},"author":1,"featured_media":1827,"comment_status":"closed","ping_status":"open","sticky":false,"template":"","format":"standard","meta":{"footnotes":""},"categories":[89],"tags":[],"class_list":{"0":"post-1828","1":"post","2":"type-post","3":"status-publish","4":"format-standard","5":"has-post-thumbnail","7":"category-musica"},"yoast_head":"<!-- This site is optimized with the Yoast SEO plugin v27.3 - https:\/\/yoast.com\/product\/yoast-seo-wordpress\/ -->\n<title>Lauana Prado embala p\u00fablico de Ribeir\u00e3o Preto na festa mais RAIZ do Brasil<\/title>\n<meta name=\"robots\" content=\"index, follow, max-snippet:-1, max-image-preview:large, max-video-preview:-1\" \/>\n<link rel=\"canonical\" href=\"https:\/\/programaareavip.com\/?p=1828\" \/>\n<meta property=\"og:locale\" content=\"pt_BR\" \/>\n<meta property=\"og:type\" content=\"article\" \/>\n<meta property=\"og:title\" content=\"Lauana Prado embala p\u00fablico de Ribeir\u00e3o Preto na festa mais RAIZ do Brasil\" \/>\n<meta property=\"og:description\" content=\"Em show intimista no Alcan\u2019s Hall, cantora se apresenta por mais de 5 horas, com experi\u00eancias exclusivas. Cr\u00e9ditos: Steffany Lima (@stefflima)\u00a0 Fotos em alta:\u00a0https:\/\/drive.google.com\/drive\/folders\/1tVqEkV0GuIxCz0m1gDaPSxrBcWoY3sjs\u00a0 Os f\u00e3s da m\u00fasica sertaneja viveram uma noite hist\u00f3rica neste s\u00e1bado (09) em Ribeir\u00e3o Preto. A cantora Lauana Prado levou para a cidade a festa mais RAIZ do Brasil e comandou um espet\u00e1culo de mais de cinco horas no Alcan\u2019s Hall, com casa cheia e uma plateia que cantou junto do in\u00edcio ao fim. Essa foi a primeira apresenta\u00e7\u00e3o da label \u201cLauana Prado Raiz\u201d ap\u00f3s o lan\u00e7amento do EP \u201cRaiz Belo Horizonte (APRUMA BEAG\u00c1!)\u201d, marcando um [\u2026]\" \/>\n<meta property=\"og:url\" content=\"https:\/\/programaareavip.com\/?p=1828\" \/>\n<meta property=\"og:site_name\" content=\"Programa \u00c1rea Vip\" \/>\n<meta property=\"article:published_time\" content=\"2025-08-10T21:56:58+00:00\" \/>\n<meta property=\"og:image\" content=\"https:\/\/programaareavip.com\/wp-content\/uploads\/2025\/08\/photo-output-27.jpeg\" \/>\n\t<meta property=\"og:image:width\" content=\"2016\" \/>\n\t<meta property=\"og:image:height\" content=\"1134\" \/>\n\t<meta property=\"og:image:type\" content=\"image\/jpeg\" \/>\n<meta name=\"author\" content=\"Matheus Mattuvo\" \/>\n<meta name=\"twitter:card\" content=\"summary_large_image\" \/>\n<meta name=\"twitter:label1\" content=\"Escrito por\" \/>\n\t<meta name=\"twitter:data1\" content=\"Matheus Mattuvo\" \/>\n\t<meta name=\"twitter:label2\" content=\"Est. tempo de leitura\" \/>\n\t<meta name=\"twitter:data2\" content=\"5 minutos\" \/>\n<script type=\"application\/ld+json\" class=\"yoast-schema-graph\">{\"@context\":\"https:\\\/\\\/schema.org\",\"@graph\":[{\"@type\":\"Article\",\"@id\":\"https:\\\/\\\/programaareavip.com\\\/?p=1828#article\",\"isPartOf\":{\"@id\":\"https:\\\/\\\/programaareavip.com\\\/?p=1828\"},\"author\":{\"name\":\"Matheus Mattuvo\",\"@id\":\"https:\\\/\\\/programaareavip.com\\\/#\\\/schema\\\/person\\\/bf31a029ec20a102d7c5dfb6c92d1dc5\"},\"headline\":\"Lauana Prado embala p\u00fablico de Ribeir\u00e3o Preto na festa mais RAIZ do Brasil\",\"datePublished\":\"2025-08-10T21:56:58+00:00\",\"mainEntityOfPage\":{\"@id\":\"https:\\\/\\\/programaareavip.com\\\/?p=1828\"},\"wordCount\":973,\"publisher\":{\"@id\":\"https:\\\/\\\/programaareavip.com\\\/#organization\"},\"image\":{\"@id\":\"https:\\\/\\\/programaareavip.com\\\/?p=1828#primaryimage\"},\"thumbnailUrl\":\"https:\\\/\\\/programaareavip.com\\\/wp-content\\\/uploads\\\/2025\\\/08\\\/photo-output-27.jpeg\",\"articleSection\":[\"M\u00fasica\"],\"inLanguage\":\"pt-BR\"},{\"@type\":\"WebPage\",\"@id\":\"https:\\\/\\\/programaareavip.com\\\/?p=1828\",\"url\":\"https:\\\/\\\/programaareavip.com\\\/?p=1828\",\"name\":\"Lauana Prado embala p\u00fablico de Ribeir\u00e3o Preto na festa mais RAIZ do Brasil\",\"isPartOf\":{\"@id\":\"https:\\\/\\\/programaareavip.com\\\/#website\"},\"primaryImageOfPage\":{\"@id\":\"https:\\\/\\\/programaareavip.com\\\/?p=1828#primaryimage\"},\"image\":{\"@id\":\"https:\\\/\\\/programaareavip.com\\\/?p=1828#primaryimage\"},\"thumbnailUrl\":\"https:\\\/\\\/programaareavip.com\\\/wp-content\\\/uploads\\\/2025\\\/08\\\/photo-output-27.jpeg\",\"datePublished\":\"2025-08-10T21:56:58+00:00\",\"breadcrumb\":{\"@id\":\"https:\\\/\\\/programaareavip.com\\\/?p=1828#breadcrumb\"},\"inLanguage\":\"pt-BR\",\"potentialAction\":[{\"@type\":\"ReadAction\",\"target\":[\"https:\\\/\\\/programaareavip.com\\\/?p=1828\"]}]},{\"@type\":\"ImageObject\",\"inLanguage\":\"pt-BR\",\"@id\":\"https:\\\/\\\/programaareavip.com\\\/?p=1828#primaryimage\",\"url\":\"https:\\\/\\\/programaareavip.com\\\/wp-content\\\/uploads\\\/2025\\\/08\\\/photo-output-27.jpeg\",\"contentUrl\":\"https:\\\/\\\/programaareavip.com\\\/wp-content\\\/uploads\\\/2025\\\/08\\\/photo-output-27.jpeg\",\"width\":2016,\"height\":1134},{\"@type\":\"BreadcrumbList\",\"@id\":\"https:\\\/\\\/programaareavip.com\\\/?p=1828#breadcrumb\",\"itemListElement\":[{\"@type\":\"ListItem\",\"position\":1,\"name\":\"In\u00edcio\",\"item\":\"https:\\\/\\\/programaareavip.com\\\/\"},{\"@type\":\"ListItem\",\"position\":2,\"name\":\"Lauana Prado embala p\u00fablico de Ribeir\u00e3o Preto na festa mais RAIZ do Brasil\"}]},{\"@type\":\"WebSite\",\"@id\":\"https:\\\/\\\/programaareavip.com\\\/#website\",\"url\":\"https:\\\/\\\/programaareavip.com\\\/\",\"name\":\"Programa \u00c1rea Vip\",\"description\":\"Not\u00edcias na palma da sua m\u00e3o\",\"publisher\":{\"@id\":\"https:\\\/\\\/programaareavip.com\\\/#organization\"},\"potentialAction\":[{\"@type\":\"SearchAction\",\"target\":{\"@type\":\"EntryPoint\",\"urlTemplate\":\"https:\\\/\\\/programaareavip.com\\\/?s={search_term_string}\"},\"query-input\":{\"@type\":\"PropertyValueSpecification\",\"valueRequired\":true,\"valueName\":\"search_term_string\"}}],\"inLanguage\":\"pt-BR\"},{\"@type\":\"Organization\",\"@id\":\"https:\\\/\\\/programaareavip.com\\\/#organization\",\"name\":\"Programa \u00c1rea Vip\",\"url\":\"https:\\\/\\\/programaareavip.com\\\/\",\"logo\":{\"@type\":\"ImageObject\",\"inLanguage\":\"pt-BR\",\"@id\":\"https:\\\/\\\/programaareavip.com\\\/#\\\/schema\\\/logo\\\/image\\\/\",\"url\":\"https:\\\/\\\/programaareavip.com\\\/wp-content\\\/uploads\\\/2024\\\/10\\\/cropped-image0-1.jpeg\",\"contentUrl\":\"https:\\\/\\\/programaareavip.com\\\/wp-content\\\/uploads\\\/2024\\\/10\\\/cropped-image0-1.jpeg\",\"width\":512,\"height\":512,\"caption\":\"Programa \u00c1rea Vip\"},\"image\":{\"@id\":\"https:\\\/\\\/programaareavip.com\\\/#\\\/schema\\\/logo\\\/image\\\/\"}},{\"@type\":\"Person\",\"@id\":\"https:\\\/\\\/programaareavip.com\\\/#\\\/schema\\\/person\\\/bf31a029ec20a102d7c5dfb6c92d1dc5\",\"name\":\"Matheus Mattuvo\",\"image\":{\"@type\":\"ImageObject\",\"inLanguage\":\"pt-BR\",\"@id\":\"https:\\\/\\\/secure.gravatar.com\\\/avatar\\\/160fd465491b28b353bd7049ac5a7f96a9766e4186ad78c29ac46f081d4aa7b5?s=96&d=mm&r=g\",\"url\":\"https:\\\/\\\/secure.gravatar.com\\\/avatar\\\/160fd465491b28b353bd7049ac5a7f96a9766e4186ad78c29ac46f081d4aa7b5?s=96&d=mm&r=g\",\"contentUrl\":\"https:\\\/\\\/secure.gravatar.com\\\/avatar\\\/160fd465491b28b353bd7049ac5a7f96a9766e4186ad78c29ac46f081d4aa7b5?s=96&d=mm&r=g\",\"caption\":\"Matheus Mattuvo\"},\"sameAs\":[\"https:\\\/\\\/programaareavip.com\"],\"url\":\"https:\\\/\\\/programaareavip.com\\\/?author=1\"}]}<\/script>\n<!-- \/ Yoast SEO plugin. -->","yoast_head_json":{"title":"Lauana Prado embala p\u00fablico de Ribeir\u00e3o Preto na festa mais RAIZ do Brasil","robots":{"index":"index","follow":"follow","max-snippet":"max-snippet:-1","max-image-preview":"max-image-preview:large","max-video-preview":"max-video-preview:-1"},"canonical":"https:\/\/programaareavip.com\/?p=1828","og_locale":"pt_BR","og_type":"article","og_title":"Lauana Prado embala p\u00fablico de Ribeir\u00e3o Preto na festa mais RAIZ do Brasil","og_description":"Em show intimista no Alcan\u2019s Hall, cantora se apresenta por mais de 5 horas, com experi\u00eancias exclusivas. Cr\u00e9ditos: Steffany Lima (@stefflima)\u00a0 Fotos em alta:\u00a0https:\/\/drive.google.com\/drive\/folders\/1tVqEkV0GuIxCz0m1gDaPSxrBcWoY3sjs\u00a0 Os f\u00e3s da m\u00fasica sertaneja viveram uma noite hist\u00f3rica neste s\u00e1bado (09) em Ribeir\u00e3o Preto. A cantora Lauana Prado levou para a cidade a festa mais RAIZ do Brasil e comandou um espet\u00e1culo de mais de cinco horas no Alcan\u2019s Hall, com casa cheia e uma plateia que cantou junto do in\u00edcio ao fim. Essa foi a primeira apresenta\u00e7\u00e3o da label \u201cLauana Prado Raiz\u201d ap\u00f3s o lan\u00e7amento do EP \u201cRaiz Belo Horizonte (APRUMA BEAG\u00c1!)\u201d, marcando um [\u2026]","og_url":"https:\/\/programaareavip.com\/?p=1828","og_site_name":"Programa \u00c1rea Vip","article_published_time":"2025-08-10T21:56:58+00:00","og_image":[{"width":2016,"height":1134,"url":"https:\/\/programaareavip.com\/wp-content\/uploads\/2025\/08\/photo-output-27.jpeg","type":"image\/jpeg"}],"author":"Matheus Mattuvo","twitter_card":"summary_large_image","twitter_misc":{"Escrito por":"Matheus Mattuvo","Est. tempo de leitura":"5 minutos"},"schema":{"@context":"https:\/\/schema.org","@graph":[{"@type":"Article","@id":"https:\/\/programaareavip.com\/?p=1828#article","isPartOf":{"@id":"https:\/\/programaareavip.com\/?p=1828"},"author":{"name":"Matheus Mattuvo","@id":"https:\/\/programaareavip.com\/#\/schema\/person\/bf31a029ec20a102d7c5dfb6c92d1dc5"},"headline":"Lauana Prado embala p\u00fablico de Ribeir\u00e3o Preto na festa mais RAIZ do Brasil","datePublished":"2025-08-10T21:56:58+00:00","mainEntityOfPage":{"@id":"https:\/\/programaareavip.com\/?p=1828"},"wordCount":973,"publisher":{"@id":"https:\/\/programaareavip.com\/#organization"},"image":{"@id":"https:\/\/programaareavip.com\/?p=1828#primaryimage"},"thumbnailUrl":"https:\/\/programaareavip.com\/wp-content\/uploads\/2025\/08\/photo-output-27.jpeg","articleSection":["M\u00fasica"],"inLanguage":"pt-BR"},{"@type":"WebPage","@id":"https:\/\/programaareavip.com\/?p=1828","url":"https:\/\/programaareavip.com\/?p=1828","name":"Lauana Prado embala p\u00fablico de Ribeir\u00e3o Preto na festa mais RAIZ do Brasil","isPartOf":{"@id":"https:\/\/programaareavip.com\/#website"},"primaryImageOfPage":{"@id":"https:\/\/programaareavip.com\/?p=1828#primaryimage"},"image":{"@id":"https:\/\/programaareavip.com\/?p=1828#primaryimage"},"thumbnailUrl":"https:\/\/programaareavip.com\/wp-content\/uploads\/2025\/08\/photo-output-27.jpeg","datePublished":"2025-08-10T21:56:58+00:00","breadcrumb":{"@id":"https:\/\/programaareavip.com\/?p=1828#breadcrumb"},"inLanguage":"pt-BR","potentialAction":[{"@type":"ReadAction","target":["https:\/\/programaareavip.com\/?p=1828"]}]},{"@type":"ImageObject","inLanguage":"pt-BR","@id":"https:\/\/programaareavip.com\/?p=1828#primaryimage","url":"https:\/\/programaareavip.com\/wp-content\/uploads\/2025\/08\/photo-output-27.jpeg","contentUrl":"https:\/\/programaareavip.com\/wp-content\/uploads\/2025\/08\/photo-output-27.jpeg","width":2016,"height":1134},{"@type":"BreadcrumbList","@id":"https:\/\/programaareavip.com\/?p=1828#breadcrumb","itemListElement":[{"@type":"ListItem","position":1,"name":"In\u00edcio","item":"https:\/\/programaareavip.com\/"},{"@type":"ListItem","position":2,"name":"Lauana Prado embala p\u00fablico de Ribeir\u00e3o Preto na festa mais RAIZ do Brasil"}]},{"@type":"WebSite","@id":"https:\/\/programaareavip.com\/#website","url":"https:\/\/programaareavip.com\/","name":"Programa \u00c1rea Vip","description":"Not\u00edcias na palma da sua m\u00e3o","publisher":{"@id":"https:\/\/programaareavip.com\/#organization"},"potentialAction":[{"@type":"SearchAction","target":{"@type":"EntryPoint","urlTemplate":"https:\/\/programaareavip.com\/?s={search_term_string}"},"query-input":{"@type":"PropertyValueSpecification","valueRequired":true,"valueName":"search_term_string"}}],"inLanguage":"pt-BR"},{"@type":"Organization","@id":"https:\/\/programaareavip.com\/#organization","name":"Programa \u00c1rea Vip","url":"https:\/\/programaareavip.com\/","logo":{"@type":"ImageObject","inLanguage":"pt-BR","@id":"https:\/\/programaareavip.com\/#\/schema\/logo\/image\/","url":"https:\/\/programaareavip.com\/wp-content\/uploads\/2024\/10\/cropped-image0-1.jpeg","contentUrl":"https:\/\/programaareavip.com\/wp-content\/uploads\/2024\/10\/cropped-image0-1.jpeg","width":512,"height":512,"caption":"Programa \u00c1rea Vip"},"image":{"@id":"https:\/\/programaareavip.com\/#\/schema\/logo\/image\/"}},{"@type":"Person","@id":"https:\/\/programaareavip.com\/#\/schema\/person\/bf31a029ec20a102d7c5dfb6c92d1dc5","name":"Matheus Mattuvo","image":{"@type":"ImageObject","inLanguage":"pt-BR","@id":"https:\/\/secure.gravatar.com\/avatar\/160fd465491b28b353bd7049ac5a7f96a9766e4186ad78c29ac46f081d4aa7b5?s=96&d=mm&r=g","url":"https:\/\/secure.gravatar.com\/avatar\/160fd465491b28b353bd7049ac5a7f96a9766e4186ad78c29ac46f081d4aa7b5?s=96&d=mm&r=g","contentUrl":"https:\/\/secure.gravatar.com\/avatar\/160fd465491b28b353bd7049ac5a7f96a9766e4186ad78c29ac46f081d4aa7b5?s=96&d=mm&r=g","caption":"Matheus Mattuvo"},"sameAs":["https:\/\/programaareavip.com"],"url":"https:\/\/programaareavip.com\/?author=1"}]}},"_links":{"self":[{"href":"https:\/\/programaareavip.com\/index.php?rest_route=\/wp\/v2\/posts\/1828","targetHints":{"allow":["GET"]}}],"collection":[{"href":"https:\/\/programaareavip.com\/index.php?rest_route=\/wp\/v2\/posts"}],"about":[{"href":"https:\/\/programaareavip.com\/index.php?rest_route=\/wp\/v2\/types\/post"}],"author":[{"embeddable":true,"href":"https:\/\/programaareavip.com\/index.php?rest_route=\/wp\/v2\/users\/1"}],"replies":[{"embeddable":true,"href":"https:\/\/programaareavip.com\/index.php?rest_route=%2Fwp%2Fv2%2Fcomments&post=1828"}],"version-history":[{"count":1,"href":"https:\/\/programaareavip.com\/index.php?rest_route=\/wp\/v2\/posts\/1828\/revisions"}],"predecessor-version":[{"id":1829,"href":"https:\/\/programaareavip.com\/index.php?rest_route=\/wp\/v2\/posts\/1828\/revisions\/1829"}],"wp:featuredmedia":[{"embeddable":true,"href":"https:\/\/programaareavip.com\/index.php?rest_route=\/wp\/v2\/media\/1827"}],"wp:attachment":[{"href":"https:\/\/programaareavip.com\/index.php?rest_route=%2Fwp%2Fv2%2Fmedia&parent=1828"}],"wp:term":[{"taxonomy":"category","embeddable":true,"href":"https:\/\/programaareavip.com\/index.php?rest_route=%2Fwp%2Fv2%2Fcategories&post=1828"},{"taxonomy":"post_tag","embeddable":true,"href":"https:\/\/programaareavip.com\/index.php?rest_route=%2Fwp%2Fv2%2Ftags&post=1828"}],"curies":[{"name":"wp","href":"https:\/\/api.w.org\/{rel}","templated":true}]}}