{"id":1584,"date":"2025-05-30T15:20:06","date_gmt":"2025-05-30T15:20:06","guid":{"rendered":"https:\/\/programaareavip.com\/?p=1584"},"modified":"2025-05-30T15:20:06","modified_gmt":"2025-05-30T15:20:06","slug":"geandson-rios-e-destaque-no-portal-leo-dias-por-disputa-judicial-sobre-a-marca-banda-djavu","status":"publish","type":"post","link":"https:\/\/programaareavip.com\/?p=1584","title":{"rendered":"Geandson Rios \u00e9 destaque no Portal L\u00e9o Dias por disputa judicial sobre a marca Banda Djav\u00fa"},"content":{"rendered":"\n<p><em>Vocalista original da Banda Djav\u00fa trava batalha na Justi\u00e7a contra uso indevido da marca e cobra posicionamento da Meta ap\u00f3s decis\u00e3o favor\u00e1vel da Justi\u00e7a<\/em><\/p>\n\n\n\n<p>Na \u00faltima quinta-feira, 29, o cantor Geandson Rios, criador e vocalista original da famosa Banda Djav\u00fa, foi destaque na renomada coluna de L\u00e9o Dias. O jornalista, conhecido por trazer \u00e0 tona os bastidores mais intensos do mundo art\u00edstico, divulgou com exclusividade uma s\u00e9rie de informa\u00e7\u00f5es sobre a batalha judicial enfrentada por Geandson para recuperar os direitos sobre a marca da banda que criou em 2008.<\/p>\n\n\n<!-- wp:image \"id\":13012,\"sizeSlug\":\"large\",\"linkDestination\":\"none\" -->\n<figure class=\"wp-block-image size-large\"><img decoding=\"async\" src=\"https:\/\/programacamarote.com.br\/wp-content\/uploads\/2025\/05\/IMG_2887-1024x980.jpeg\" alt=\"\" class=\"wp-image-13012\"\/><\/figure>\n<!-- \/wp:post-content -->\n\n<!-- wp:paragraph -->\n<p>A reportagem revelou que Geandson Rios vem travando uma dura disputa judicial contra um empres\u00e1rio, conhecido como \u201cDJ Maluco\u201d, que estaria utilizando indevidamente o nome \u201cBanda Djav\u00fa\u201d em eventos e redes sociais. O artista compartilhou com exclusividade documentos judiciais que demonstram vit\u00f3rias importantes no processo, incluindo uma liminar proibindo o uso da marca por terceiros \u2014 inclusive por esse empres\u00e1rio, que teve sua conta nas redes sociais, com mais de 1 milh\u00e3o de seguidores, removida pela pr\u00f3pria Meta, empresa respons\u00e1vel pelo Facebook e Instagram.<\/p>\n<!-- \/wp:paragraph -->\n\n<!-- wp:paragraph -->\n<p><em>Justi\u00e7a a favor do verdadeiro criador<\/em><\/p>\n<!-- \/wp:paragraph -->\n\n<!-- wp:paragraph -->\n<p>A situa\u00e7\u00e3o se agravou com a exist\u00eancia de diversas bandas falsas que utilizam o nome \u201cDjav\u00fa\u201d, prejudicando n\u00e3o s\u00f3 a imagem de Geandson, mas tamb\u00e9m sua trajet\u00f3ria art\u00edstica e financeira ao longo dos anos. \u201cDesde o come\u00e7o da minha carreira, luto contra o uso indevido do nome que eu mesmo criei e constru\u00ed com muito esfor\u00e7o\u201d, afirmou o cantor na mat\u00e9ria.<\/p>\n<!-- \/wp:paragraph -->\n\n<!-- wp:image \"id\":13013,\"sizeSlug\":\"large\",\"linkDestination\":\"none\" -->\n<figure class=\"wp-block-image size-large\"><img decoding=\"async\" src=\"https:\/\/programacamarote.com.br\/wp-content\/uploads\/2025\/05\/IMG_2886-548x1024.jpeg\" alt=\"\" class=\"wp-image-13013\"\/><\/figure>\n<!-- \/wp:image -->\n\n<!-- wp:paragraph -->\n<p>Apesar das decis\u00f5es judiciais favor\u00e1veis, Geandson ainda enfrenta dificuldades. Sua antiga conta no Instagram, tamb\u00e9m reconhecida pela Justi\u00e7a como leg\u00edtima, n\u00e3o foi reativada pela Meta, mesmo ap\u00f3s vit\u00f3ria nos tribunais. A equipe jur\u00eddica do cantor entrou com novo processo contra a empresa exigindo o cumprimento da ordem judicial.<\/p>\n<!-- \/wp:paragraph -->\n\n<!-- wp:paragraph -->\n<p><em>Trajet\u00f3ria de sucesso e resist\u00eancia<\/em><\/p>\n<!-- \/wp:paragraph -->\n\n<!-- wp:paragraph -->\n<p>A coluna tamb\u00e9m relembrou momentos marcantes da trajet\u00f3ria da Banda Djav\u00fa, que estourou nacionalmente com seu estilo dan\u00e7ante e envolvente, misturando tecnomelody com arrocha, e emplacou hits como \u201cMe Libera\u201d e \u201cEntre Tapas e Beijos\u201d na voz de Geandson. O cantor, que viu sua cria\u00e7\u00e3o alcan\u00e7ar milh\u00f5es de f\u00e3s em todo o Brasil, hoje se v\u00ea obrigado a lutar judicialmente para proteger aquilo que construiu com tanto empenho.<\/p>\n<!-- \/wp:paragraph -->\n\n<!-- wp:image \"id\":13014,\"sizeSlug\":\"large\",\"linkDestination\":\"none\" -->\n<figure class=\"wp-block-image size-large\"><img decoding=\"async\" src=\"https:\/\/programacamarote.com.br\/wp-content\/uploads\/2025\/05\/IMG_2914-1024x1024.png\" alt=\"\" class=\"wp-image-13014\"\/><figcaption class=\"wp-element-caption\"><em>Forma\u00e7\u00e3o da Banda Djav\u00fa oficial em 2025<\/em><\/figcaption><\/figure>\n<!-- \/wp:image -->\n\n<!-- wp:paragraph -->\n<p>\u201cS\u00f3 quero paz e justi\u00e7a\u201d, diz Geandson<\/p>\n<!-- \/wp:paragraph -->\n\n<!-- wp:paragraph -->\n<p>\u201c\u00c9 muito \u2018eita\u2019 atr\u00e1s de \u2018vixe\u2019\u201d, brinca Geandson, refletindo a exaust\u00e3o com os constantes entraves judiciais. O cantor afirma que seu \u00fanico desejo \u00e9 seguir sua carreira em paz, sem ter que dividir a marca com pessoas que n\u00e3o fazem parte da sua hist\u00f3ria. \u201cConfio na Justi\u00e7a e acredito que tudo isso ter\u00e1 um fim justo. S\u00f3 quero viver da m\u00fasica, do meu talento, daquilo que eu constru\u00ed.\u201d<\/p>\n<!-- \/wp:paragraph -->\n\n<!-- wp:image \"id\":13015,\"sizeSlug\":\"large\",\"linkDestination\":\"none\" -->\n<figure class=\"wp-block-image size-large\"><img decoding=\"async\" src=\"https:\/\/programacamarote.com.br\/wp-content\/uploads\/2025\/05\/IMG_2889-582x1024.jpeg\" alt=\"\" class=\"wp-image-13015\"\/><\/figure>\n<!-- \/wp:image -->\n\n<!-- wp:paragraph -->\n<p>Diante de toda essa situa\u00e7\u00e3o, f\u00e3s e apoiadores torcem para que o caso tenha um desfecho definitivo e favor\u00e1vel ao artista que deu voz, rosto e identidade \u00e0 Banda Djav\u00fa. Enquanto isso, Geandson segue com esperan\u00e7a e foco, aguardando que a Justi\u00e7a seja cumprida \u2014 tanto nas inst\u00e2ncias judiciais quanto nas plataformas digitais.<\/p>\n<!-- \/wp:paragraph -->","protected":false},"excerpt":{"rendered":"<p>Vocalista original da Banda Djav\u00fa trava batalha na Justi\u00e7a contra uso indevido da marca e cobra posicionamento da Meta ap\u00f3s decis\u00e3o favor\u00e1vel da Justi\u00e7a Na \u00faltima quinta-feira, 29, o cantor Geandson Rios, criador e vocalista original da famosa Banda Djav\u00fa, foi destaque na renomada coluna de L\u00e9o Dias. O jornalista, conhecido por trazer \u00e0 tona os bastidores mais intensos do mundo art\u00edstico, divulgou com exclusividade uma s\u00e9rie de informa\u00e7\u00f5es sobre a batalha judicial enfrentada por Geandson para recuperar os direitos sobre a marca da banda que criou em 2008. A reportagem revelou que Geandson Rios vem travando uma dura disputa [\u2026]<\/p>\n","protected":false},"author":1,"featured_media":1583,"comment_status":"closed","ping_status":"open","sticky":false,"template":"","format":"standard","meta":{"footnotes":""},"categories":[135],"tags":[],"class_list":{"0":"post-1584","1":"post","2":"type-post","3":"status-publish","4":"format-standard","5":"has-post-thumbnail","7":"category-destaque"},"yoast_head":"<!-- This site is optimized with the Yoast SEO plugin v27.3 - https:\/\/yoast.com\/product\/yoast-seo-wordpress\/ -->\n<title>Geandson Rios \u00e9 destaque no Portal L\u00e9o Dias por disputa judicial sobre a marca Banda Djav\u00fa<\/title>\n<meta name=\"robots\" content=\"index, follow, max-snippet:-1, max-image-preview:large, max-video-preview:-1\" \/>\n<link rel=\"canonical\" href=\"https:\/\/programaareavip.com\/?p=1584\" \/>\n<meta property=\"og:locale\" content=\"pt_BR\" \/>\n<meta property=\"og:type\" content=\"article\" \/>\n<meta property=\"og:title\" content=\"Geandson Rios \u00e9 destaque no Portal L\u00e9o Dias por disputa judicial sobre a marca Banda Djav\u00fa\" \/>\n<meta property=\"og:description\" content=\"Vocalista original da Banda Djav\u00fa trava batalha na Justi\u00e7a contra uso indevido da marca e cobra posicionamento da Meta ap\u00f3s decis\u00e3o favor\u00e1vel da Justi\u00e7a Na \u00faltima quinta-feira, 29, o cantor Geandson Rios, criador e vocalista original da famosa Banda Djav\u00fa, foi destaque na renomada coluna de L\u00e9o Dias. O jornalista, conhecido por trazer \u00e0 tona os bastidores mais intensos do mundo art\u00edstico, divulgou com exclusividade uma s\u00e9rie de informa\u00e7\u00f5es sobre a batalha judicial enfrentada por Geandson para recuperar os direitos sobre a marca da banda que criou em 2008. A reportagem revelou que Geandson Rios vem travando uma dura disputa [\u2026]\" \/>\n<meta property=\"og:url\" content=\"https:\/\/programaareavip.com\/?p=1584\" \/>\n<meta property=\"og:site_name\" content=\"Programa \u00c1rea Vip\" \/>\n<meta property=\"article:published_time\" content=\"2025-05-30T15:20:06+00:00\" \/>\n<meta property=\"og:image\" content=\"https:\/\/programaareavip.com\/wp-content\/uploads\/2025\/05\/photo-output-8.png\" \/>\n\t<meta property=\"og:image:width\" content=\"2016\" \/>\n\t<meta property=\"og:image:height\" content=\"1134\" \/>\n\t<meta property=\"og:image:type\" content=\"image\/png\" \/>\n<meta name=\"author\" content=\"Matheus Mattuvo\" \/>\n<meta name=\"twitter:card\" content=\"summary_large_image\" \/>\n<meta name=\"twitter:label1\" content=\"Escrito por\" \/>\n\t<meta name=\"twitter:data1\" content=\"Matheus Mattuvo\" \/>\n\t<meta name=\"twitter:label2\" content=\"Est. tempo de leitura\" \/>\n\t<meta name=\"twitter:data2\" content=\"3 minutos\" \/>\n<script type=\"application\/ld+json\" class=\"yoast-schema-graph\">{\"@context\":\"https:\\\/\\\/schema.org\",\"@graph\":[{\"@type\":\"Article\",\"@id\":\"https:\\\/\\\/programaareavip.com\\\/?p=1584#article\",\"isPartOf\":{\"@id\":\"https:\\\/\\\/programaareavip.com\\\/?p=1584\"},\"author\":{\"name\":\"Matheus Mattuvo\",\"@id\":\"https:\\\/\\\/programaareavip.com\\\/#\\\/schema\\\/person\\\/bf31a029ec20a102d7c5dfb6c92d1dc5\"},\"headline\":\"Geandson Rios \u00e9 destaque no Portal L\u00e9o Dias por disputa judicial sobre a marca Banda Djav\u00fa\",\"datePublished\":\"2025-05-30T15:20:06+00:00\",\"mainEntityOfPage\":{\"@id\":\"https:\\\/\\\/programaareavip.com\\\/?p=1584\"},\"wordCount\":559,\"publisher\":{\"@id\":\"https:\\\/\\\/programaareavip.com\\\/#organization\"},\"image\":{\"@id\":\"https:\\\/\\\/programaareavip.com\\\/?p=1584#primaryimage\"},\"thumbnailUrl\":\"https:\\\/\\\/programaareavip.com\\\/wp-content\\\/uploads\\\/2025\\\/05\\\/photo-output-8.png\",\"articleSection\":[\"Destaque\"],\"inLanguage\":\"pt-BR\"},{\"@type\":\"WebPage\",\"@id\":\"https:\\\/\\\/programaareavip.com\\\/?p=1584\",\"url\":\"https:\\\/\\\/programaareavip.com\\\/?p=1584\",\"name\":\"Geandson Rios \u00e9 destaque no Portal L\u00e9o Dias por disputa judicial sobre a marca Banda Djav\u00fa\",\"isPartOf\":{\"@id\":\"https:\\\/\\\/programaareavip.com\\\/#website\"},\"primaryImageOfPage\":{\"@id\":\"https:\\\/\\\/programaareavip.com\\\/?p=1584#primaryimage\"},\"image\":{\"@id\":\"https:\\\/\\\/programaareavip.com\\\/?p=1584#primaryimage\"},\"thumbnailUrl\":\"https:\\\/\\\/programaareavip.com\\\/wp-content\\\/uploads\\\/2025\\\/05\\\/photo-output-8.png\",\"datePublished\":\"2025-05-30T15:20:06+00:00\",\"breadcrumb\":{\"@id\":\"https:\\\/\\\/programaareavip.com\\\/?p=1584#breadcrumb\"},\"inLanguage\":\"pt-BR\",\"potentialAction\":[{\"@type\":\"ReadAction\",\"target\":[\"https:\\\/\\\/programaareavip.com\\\/?p=1584\"]}]},{\"@type\":\"ImageObject\",\"inLanguage\":\"pt-BR\",\"@id\":\"https:\\\/\\\/programaareavip.com\\\/?p=1584#primaryimage\",\"url\":\"https:\\\/\\\/programaareavip.com\\\/wp-content\\\/uploads\\\/2025\\\/05\\\/photo-output-8.png\",\"contentUrl\":\"https:\\\/\\\/programaareavip.com\\\/wp-content\\\/uploads\\\/2025\\\/05\\\/photo-output-8.png\",\"width\":2016,\"height\":1134},{\"@type\":\"BreadcrumbList\",\"@id\":\"https:\\\/\\\/programaareavip.com\\\/?p=1584#breadcrumb\",\"itemListElement\":[{\"@type\":\"ListItem\",\"position\":1,\"name\":\"In\u00edcio\",\"item\":\"https:\\\/\\\/programaareavip.com\\\/\"},{\"@type\":\"ListItem\",\"position\":2,\"name\":\"Geandson Rios \u00e9 destaque no Portal L\u00e9o Dias por disputa judicial sobre a marca Banda Djav\u00fa\"}]},{\"@type\":\"WebSite\",\"@id\":\"https:\\\/\\\/programaareavip.com\\\/#website\",\"url\":\"https:\\\/\\\/programaareavip.com\\\/\",\"name\":\"Programa \u00c1rea Vip\",\"description\":\"Not\u00edcias na palma da sua m\u00e3o\",\"publisher\":{\"@id\":\"https:\\\/\\\/programaareavip.com\\\/#organization\"},\"potentialAction\":[{\"@type\":\"SearchAction\",\"target\":{\"@type\":\"EntryPoint\",\"urlTemplate\":\"https:\\\/\\\/programaareavip.com\\\/?s={search_term_string}\"},\"query-input\":{\"@type\":\"PropertyValueSpecification\",\"valueRequired\":true,\"valueName\":\"search_term_string\"}}],\"inLanguage\":\"pt-BR\"},{\"@type\":\"Organization\",\"@id\":\"https:\\\/\\\/programaareavip.com\\\/#organization\",\"name\":\"Programa \u00c1rea Vip\",\"url\":\"https:\\\/\\\/programaareavip.com\\\/\",\"logo\":{\"@type\":\"ImageObject\",\"inLanguage\":\"pt-BR\",\"@id\":\"https:\\\/\\\/programaareavip.com\\\/#\\\/schema\\\/logo\\\/image\\\/\",\"url\":\"https:\\\/\\\/programaareavip.com\\\/wp-content\\\/uploads\\\/2024\\\/10\\\/cropped-image0-1.jpeg\",\"contentUrl\":\"https:\\\/\\\/programaareavip.com\\\/wp-content\\\/uploads\\\/2024\\\/10\\\/cropped-image0-1.jpeg\",\"width\":512,\"height\":512,\"caption\":\"Programa \u00c1rea Vip\"},\"image\":{\"@id\":\"https:\\\/\\\/programaareavip.com\\\/#\\\/schema\\\/logo\\\/image\\\/\"}},{\"@type\":\"Person\",\"@id\":\"https:\\\/\\\/programaareavip.com\\\/#\\\/schema\\\/person\\\/bf31a029ec20a102d7c5dfb6c92d1dc5\",\"name\":\"Matheus Mattuvo\",\"image\":{\"@type\":\"ImageObject\",\"inLanguage\":\"pt-BR\",\"@id\":\"https:\\\/\\\/secure.gravatar.com\\\/avatar\\\/160fd465491b28b353bd7049ac5a7f96a9766e4186ad78c29ac46f081d4aa7b5?s=96&d=mm&r=g\",\"url\":\"https:\\\/\\\/secure.gravatar.com\\\/avatar\\\/160fd465491b28b353bd7049ac5a7f96a9766e4186ad78c29ac46f081d4aa7b5?s=96&d=mm&r=g\",\"contentUrl\":\"https:\\\/\\\/secure.gravatar.com\\\/avatar\\\/160fd465491b28b353bd7049ac5a7f96a9766e4186ad78c29ac46f081d4aa7b5?s=96&d=mm&r=g\",\"caption\":\"Matheus Mattuvo\"},\"sameAs\":[\"https:\\\/\\\/programaareavip.com\"],\"url\":\"https:\\\/\\\/programaareavip.com\\\/?author=1\"}]}<\/script>\n<!-- \/ Yoast SEO plugin. -->","yoast_head_json":{"title":"Geandson Rios \u00e9 destaque no Portal L\u00e9o Dias por disputa judicial sobre a marca Banda Djav\u00fa","robots":{"index":"index","follow":"follow","max-snippet":"max-snippet:-1","max-image-preview":"max-image-preview:large","max-video-preview":"max-video-preview:-1"},"canonical":"https:\/\/programaareavip.com\/?p=1584","og_locale":"pt_BR","og_type":"article","og_title":"Geandson Rios \u00e9 destaque no Portal L\u00e9o Dias por disputa judicial sobre a marca Banda Djav\u00fa","og_description":"Vocalista original da Banda Djav\u00fa trava batalha na Justi\u00e7a contra uso indevido da marca e cobra posicionamento da Meta ap\u00f3s decis\u00e3o favor\u00e1vel da Justi\u00e7a Na \u00faltima quinta-feira, 29, o cantor Geandson Rios, criador e vocalista original da famosa Banda Djav\u00fa, foi destaque na renomada coluna de L\u00e9o Dias. O jornalista, conhecido por trazer \u00e0 tona os bastidores mais intensos do mundo art\u00edstico, divulgou com exclusividade uma s\u00e9rie de informa\u00e7\u00f5es sobre a batalha judicial enfrentada por Geandson para recuperar os direitos sobre a marca da banda que criou em 2008. A reportagem revelou que Geandson Rios vem travando uma dura disputa [\u2026]","og_url":"https:\/\/programaareavip.com\/?p=1584","og_site_name":"Programa \u00c1rea Vip","article_published_time":"2025-05-30T15:20:06+00:00","og_image":[{"width":2016,"height":1134,"url":"https:\/\/programaareavip.com\/wp-content\/uploads\/2025\/05\/photo-output-8.png","type":"image\/png"}],"author":"Matheus Mattuvo","twitter_card":"summary_large_image","twitter_misc":{"Escrito por":"Matheus Mattuvo","Est. tempo de leitura":"3 minutos"},"schema":{"@context":"https:\/\/schema.org","@graph":[{"@type":"Article","@id":"https:\/\/programaareavip.com\/?p=1584#article","isPartOf":{"@id":"https:\/\/programaareavip.com\/?p=1584"},"author":{"name":"Matheus Mattuvo","@id":"https:\/\/programaareavip.com\/#\/schema\/person\/bf31a029ec20a102d7c5dfb6c92d1dc5"},"headline":"Geandson Rios \u00e9 destaque no Portal L\u00e9o Dias por disputa judicial sobre a marca Banda Djav\u00fa","datePublished":"2025-05-30T15:20:06+00:00","mainEntityOfPage":{"@id":"https:\/\/programaareavip.com\/?p=1584"},"wordCount":559,"publisher":{"@id":"https:\/\/programaareavip.com\/#organization"},"image":{"@id":"https:\/\/programaareavip.com\/?p=1584#primaryimage"},"thumbnailUrl":"https:\/\/programaareavip.com\/wp-content\/uploads\/2025\/05\/photo-output-8.png","articleSection":["Destaque"],"inLanguage":"pt-BR"},{"@type":"WebPage","@id":"https:\/\/programaareavip.com\/?p=1584","url":"https:\/\/programaareavip.com\/?p=1584","name":"Geandson Rios \u00e9 destaque no Portal L\u00e9o Dias por disputa judicial sobre a marca Banda Djav\u00fa","isPartOf":{"@id":"https:\/\/programaareavip.com\/#website"},"primaryImageOfPage":{"@id":"https:\/\/programaareavip.com\/?p=1584#primaryimage"},"image":{"@id":"https:\/\/programaareavip.com\/?p=1584#primaryimage"},"thumbnailUrl":"https:\/\/programaareavip.com\/wp-content\/uploads\/2025\/05\/photo-output-8.png","datePublished":"2025-05-30T15:20:06+00:00","breadcrumb":{"@id":"https:\/\/programaareavip.com\/?p=1584#breadcrumb"},"inLanguage":"pt-BR","potentialAction":[{"@type":"ReadAction","target":["https:\/\/programaareavip.com\/?p=1584"]}]},{"@type":"ImageObject","inLanguage":"pt-BR","@id":"https:\/\/programaareavip.com\/?p=1584#primaryimage","url":"https:\/\/programaareavip.com\/wp-content\/uploads\/2025\/05\/photo-output-8.png","contentUrl":"https:\/\/programaareavip.com\/wp-content\/uploads\/2025\/05\/photo-output-8.png","width":2016,"height":1134},{"@type":"BreadcrumbList","@id":"https:\/\/programaareavip.com\/?p=1584#breadcrumb","itemListElement":[{"@type":"ListItem","position":1,"name":"In\u00edcio","item":"https:\/\/programaareavip.com\/"},{"@type":"ListItem","position":2,"name":"Geandson Rios \u00e9 destaque no Portal L\u00e9o Dias por disputa judicial sobre a marca Banda Djav\u00fa"}]},{"@type":"WebSite","@id":"https:\/\/programaareavip.com\/#website","url":"https:\/\/programaareavip.com\/","name":"Programa \u00c1rea Vip","description":"Not\u00edcias na palma da sua m\u00e3o","publisher":{"@id":"https:\/\/programaareavip.com\/#organization"},"potentialAction":[{"@type":"SearchAction","target":{"@type":"EntryPoint","urlTemplate":"https:\/\/programaareavip.com\/?s={search_term_string}"},"query-input":{"@type":"PropertyValueSpecification","valueRequired":true,"valueName":"search_term_string"}}],"inLanguage":"pt-BR"},{"@type":"Organization","@id":"https:\/\/programaareavip.com\/#organization","name":"Programa \u00c1rea Vip","url":"https:\/\/programaareavip.com\/","logo":{"@type":"ImageObject","inLanguage":"pt-BR","@id":"https:\/\/programaareavip.com\/#\/schema\/logo\/image\/","url":"https:\/\/programaareavip.com\/wp-content\/uploads\/2024\/10\/cropped-image0-1.jpeg","contentUrl":"https:\/\/programaareavip.com\/wp-content\/uploads\/2024\/10\/cropped-image0-1.jpeg","width":512,"height":512,"caption":"Programa \u00c1rea Vip"},"image":{"@id":"https:\/\/programaareavip.com\/#\/schema\/logo\/image\/"}},{"@type":"Person","@id":"https:\/\/programaareavip.com\/#\/schema\/person\/bf31a029ec20a102d7c5dfb6c92d1dc5","name":"Matheus Mattuvo","image":{"@type":"ImageObject","inLanguage":"pt-BR","@id":"https:\/\/secure.gravatar.com\/avatar\/160fd465491b28b353bd7049ac5a7f96a9766e4186ad78c29ac46f081d4aa7b5?s=96&d=mm&r=g","url":"https:\/\/secure.gravatar.com\/avatar\/160fd465491b28b353bd7049ac5a7f96a9766e4186ad78c29ac46f081d4aa7b5?s=96&d=mm&r=g","contentUrl":"https:\/\/secure.gravatar.com\/avatar\/160fd465491b28b353bd7049ac5a7f96a9766e4186ad78c29ac46f081d4aa7b5?s=96&d=mm&r=g","caption":"Matheus Mattuvo"},"sameAs":["https:\/\/programaareavip.com"],"url":"https:\/\/programaareavip.com\/?author=1"}]}},"_links":{"self":[{"href":"https:\/\/programaareavip.com\/index.php?rest_route=\/wp\/v2\/posts\/1584","targetHints":{"allow":["GET"]}}],"collection":[{"href":"https:\/\/programaareavip.com\/index.php?rest_route=\/wp\/v2\/posts"}],"about":[{"href":"https:\/\/programaareavip.com\/index.php?rest_route=\/wp\/v2\/types\/post"}],"author":[{"embeddable":true,"href":"https:\/\/programaareavip.com\/index.php?rest_route=\/wp\/v2\/users\/1"}],"replies":[{"embeddable":true,"href":"https:\/\/programaareavip.com\/index.php?rest_route=%2Fwp%2Fv2%2Fcomments&post=1584"}],"version-history":[{"count":1,"href":"https:\/\/programaareavip.com\/index.php?rest_route=\/wp\/v2\/posts\/1584\/revisions"}],"predecessor-version":[{"id":1585,"href":"https:\/\/programaareavip.com\/index.php?rest_route=\/wp\/v2\/posts\/1584\/revisions\/1585"}],"wp:featuredmedia":[{"embeddable":true,"href":"https:\/\/programaareavip.com\/index.php?rest_route=\/wp\/v2\/media\/1583"}],"wp:attachment":[{"href":"https:\/\/programaareavip.com\/index.php?rest_route=%2Fwp%2Fv2%2Fmedia&parent=1584"}],"wp:term":[{"taxonomy":"category","embeddable":true,"href":"https:\/\/programaareavip.com\/index.php?rest_route=%2Fwp%2Fv2%2Fcategories&post=1584"},{"taxonomy":"post_tag","embeddable":true,"href":"https:\/\/programaareavip.com\/index.php?rest_route=%2Fwp%2Fv2%2Ftags&post=1584"}],"curies":[{"name":"wp","href":"https:\/\/api.w.org\/{rel}","templated":true}]}}